{"id":14669,"date":"2009-03-11T18:04:00","date_gmt":"2009-03-11T18:04:00","guid":{"rendered":"http:\/\/localhost:81\/wp1\/?p=14669"},"modified":"2009-03-11T18:04:00","modified_gmt":"2009-03-11T18:04:00","slug":"na-imprensa-73","status":"publish","type":"post","link":"https:\/\/sites.ecclesia.pt\/cv\/na-imprensa-73\/","title":{"rendered":"Na Imprensa"},"content":{"rendered":"<p>Portugal vive a maior crise pol\u00edtica, econ\u00f3mica e moral desde h\u00e1 muitos anos.<\/p>\n<p>Fernando Sobral<\/p>\n<p>Jornal de Neg\u00f3cios, 04-03-2009<\/p>\n<p>Nos \u00faltimos vinte anos, o Ocidente viveu uma orgia de cr\u00e9dito. (\u2026) Estamos todos a viver uma aterragem for\u00e7ada, agarrados aos cintos de seguran\u00e7a e com os sacos de oxig\u00e9nio na cara.<\/p>\n<p>Domingos Amaral<\/p>\n<p>Correio da Manh\u00e3, 05-03-2009<\/p>\n<p>Tudo o que \u00e9 grande e belo na vida exige sacrif\u00edcio. Que o digam os que se dedicam ao desporto, \u00e0s artes, \u00e0 investiga\u00e7\u00e3o. A busca do prazer imediato mata o prazer diferido, aquele que vem da perfei\u00e7\u00e3o que se vai realizando. O amor do sacrif\u00edcio \u00e9 uma doen\u00e7a. Sacrificar-se por amor \u00e9 express\u00e3o de boa sa\u00fade humana e espiritual.<\/p>\n<p>Bento Domingues<\/p>\n<p>P\u00fablico, 08-03-2009<\/p>\n<p>O empres\u00e1rio que mente aos trabalhadores, esconde informa\u00e7\u00f5es e foge com bens e mercadorias tem perd\u00e3o, pelo menos n\u00e3o \u00e9 punido. O universit\u00e1rio que mente nos concursos apenas comete uma pequena falha ou nem sequer. O futebolista que engana o \u00e1rbitro, magoa o advers\u00e1rio ou mete a m\u00e3o \u00e0 bola \u00e9 um her\u00f3i, desde que ganhe. O autarca que \u201cfaz obra\u201d e enriquece ao mesmo tempo \u00e9 um \u201cfazedor\u201d. O pol\u00edtico que mente em benef\u00edcio pr\u00f3prio limita-se a usar as ferramentas do of\u00edcio.<\/p>\n<p>O que \u00e9 realmente importante na vida \u00e9 vencer, enriquecer, mandar, ganhar votos e triunfar. Vender e comprar mais. Fazer subir a curva dos lucros. Aumentar as ades\u00f5es. Subir as audi\u00eancias, melhorar as sondagens. Passar nos exames. Alcan\u00e7ar um estatuto de import\u00e2ncia e reconhecimento. Apostar no futuro e na tecnologia. Acreditar em si e nos seus. Ter \u00eaxito. Estes s\u00e3o os valores que presidem \u00e0 nossa vida. De tal modo que os meios para atingir os objectivos s\u00e3o de menor ou nenhuma import\u00e2ncia.<\/p>\n<p>Ant\u00f3nio Barreto<\/p>\n<p>P\u00fablico, 08-03-2009<\/p>\n","protected":false},"excerpt":{"rendered":"<p>Portugal vive a maior crise pol\u00edtica, econ\u00f3mica e moral desde h\u00e1 muitos anos. Fernando Sobral Jornal de Neg\u00f3cios, 04-03-2009 Nos \u00faltimos vinte anos, o Ocidente viveu uma orgia de cr\u00e9dito. (\u2026) Estamos todos a viver uma aterragem for\u00e7ada, agarrados aos cintos de seguran\u00e7a e com os sacos de oxig\u00e9nio na cara. Domingos Amaral Correio da [&hellip;]<\/p>\n","protected":false},"author":1,"featured_media":0,"comment_status":"open","ping_status":"open","sticky":false,"template":"","format":"standard","meta":{"footnotes":""},"categories":[62],"tags":[],"class_list":["post-14669","post","type-post","status-publish","format-standard","hentry","category-opiniao"],"_links":{"self":[{"href":"https:\/\/sites.ecclesia.pt\/cv\/wp-json\/wp\/v2\/posts\/14669","targetHints":{"allow":["GET"]}}],"collection":[{"href":"https:\/\/sites.ecclesia.pt\/cv\/wp-json\/wp\/v2\/posts"}],"about":[{"href":"https:\/\/sites.ecclesia.pt\/cv\/wp-json\/wp\/v2\/types\/post"}],"author":[{"embeddable":true,"href":"https:\/\/sites.ecclesia.pt\/cv\/wp-json\/wp\/v2\/users\/1"}],"replies":[{"embeddable":true,"href":"https:\/\/sites.ecclesia.pt\/cv\/wp-json\/wp\/v2\/comments?post=14669"}],"version-history":[{"count":0,"href":"https:\/\/sites.ecclesia.pt\/cv\/wp-json\/wp\/v2\/posts\/14669\/revisions"}],"wp:attachment":[{"href":"https:\/\/sites.ecclesia.pt\/cv\/wp-json\/wp\/v2\/media?parent=14669"}],"wp:term":[{"taxonomy":"category","embeddable":true,"href":"https:\/\/sites.ecclesia.pt\/cv\/wp-json\/wp\/v2\/categories?post=14669"},{"taxonomy":"post_tag","embeddable":true,"href":"https:\/\/sites.ecclesia.pt\/cv\/wp-json\/wp\/v2\/tags?post=14669"}],"curies":[{"name":"wp","href":"https:\/\/api.w.org\/{rel}","templated":true}]}}