{"id":15,"date":"2006-04-03T14:44:00","date_gmt":"2006-04-03T14:44:00","guid":{"rendered":"http:\/\/localhost:81\/wp1\/?p=15"},"modified":"2006-04-03T14:44:00","modified_gmt":"2006-04-03T14:44:00","slug":"regioes-breves","status":"publish","type":"post","link":"https:\/\/sites.ecclesia.pt\/cv\/regioes-breves\/","title":{"rendered":"Regi\u00f5es Breves"},"content":{"rendered":"<p>Angeja<\/p>\n<p>As popula\u00e7\u00f5es  de Angeja, Fros-sos e S. Jo\u00e3o de Loure, no concelho de Albergaria-a-Velha, t\u00eam-se mostrado preocupadas com os rumores sobre o eventual corte do n\u00f3 de acesso ao IP5. Essa possibilidade \u00e9 admitida por falta de clareza nos planos de pormenor em fase de estudo sobre o novo tra\u00e7ado do IC1.<\/p>\n<p>Gafanha do Carmo<\/p>\n<p>Vandalismo<\/p>\n<p>O problema do vandalismo n\u00e3o afecta s\u00f3 os grandes centros urbanos. Paredes pintadas e redes destru\u00eddas s\u00e3o marcas vis\u00edveis, mesmo em equipamentos sociais, naquela freguesia do concelho de \u00cdlhavo. Ribau Esteves, o autarca ilhavense, defende que \u00e9 preciso apostar na educa\u00e7\u00e3o c\u00edvica para se vencer este obst\u00e1culo.<\/p>\n<p>Gafanha da Nazar\u00e9<\/p>\n<p>ADIG celebra anivers\u00e1rio<\/p>\n<p>A ADIG &#8211; Associa\u00e7\u00e3o para a Defesa dos Interesses da Gafanha da Nazar\u00e9 est\u00e1 a celebrar 10 anos de vida, com uma exposi\u00e7\u00e3o de artesanato naval que est\u00e1 patente no Centro Cultural daquela cidade. \u00d3scar Fernandes, presidente da direc\u00e7\u00e3o, fez, no dia 12, a apresenta\u00e7\u00e3o p\u00fablica do programa da ADIG.<\/p>\n<p>Angeja<\/p>\n<p>Banda fez 136 anos<\/p>\n<p>A Banda Angejense fez 136 anos de vida, toda ela dedicada \u00e0 defesa da cultura musical. Trata-se de uma das bandas mais antigas do Pa\u00eds e a festa constou, para al\u00e9m de um almo\u00e7o-conv\u00edvio, de um concerto, em que foram executados alguns n\u00fameros do seu vasto repert\u00f3rio. Foi ainda inaugurada a fachada da sede, que recebeu obras de restauro.<\/p>\n<p>Gafanha do Carmo<\/p>\n<p>Terceira Idade<\/p>\n<p>Uma parceria entre a C\u00e2mara Municipal de \u00cdlhavo e a Associa\u00e7\u00e3o de Solidariedade da Gafanha do Carmo vai avan\u00e7ar para responder a car\u00eancias na \u00e1rea dos apoios \u00e0 Terceira Idade. Assim, em projecto, est\u00e1 um Centro de Dia e de Noite, bem como um Lar, para idosos daquela freguesia do concelho de \u00cdlhavo.<\/p>\n","protected":false},"excerpt":{"rendered":"<p>Angeja As popula\u00e7\u00f5es de Angeja, Fros-sos e S. Jo\u00e3o de Loure, no concelho de Albergaria-a-Velha, t\u00eam-se mostrado preocupadas com os rumores sobre o eventual corte do n\u00f3 de acesso ao IP5. Essa possibilidade \u00e9 admitida por falta de clareza nos planos de pormenor em fase de estudo sobre o novo tra\u00e7ado do IC1. Gafanha do [&hellip;]<\/p>\n","protected":false},"author":1,"featured_media":0,"comment_status":"open","ping_status":"open","sticky":false,"template":"","format":"standard","meta":{"footnotes":""},"categories":[45],"tags":[],"class_list":["post-15","post","type-post","status-publish","format-standard","hentry","category-regioes"],"_links":{"self":[{"href":"https:\/\/sites.ecclesia.pt\/cv\/wp-json\/wp\/v2\/posts\/15","targetHints":{"allow":["GET"]}}],"collection":[{"href":"https:\/\/sites.ecclesia.pt\/cv\/wp-json\/wp\/v2\/posts"}],"about":[{"href":"https:\/\/sites.ecclesia.pt\/cv\/wp-json\/wp\/v2\/types\/post"}],"author":[{"embeddable":true,"href":"https:\/\/sites.ecclesia.pt\/cv\/wp-json\/wp\/v2\/users\/1"}],"replies":[{"embeddable":true,"href":"https:\/\/sites.ecclesia.pt\/cv\/wp-json\/wp\/v2\/comments?post=15"}],"version-history":[{"count":0,"href":"https:\/\/sites.ecclesia.pt\/cv\/wp-json\/wp\/v2\/posts\/15\/revisions"}],"wp:attachment":[{"href":"https:\/\/sites.ecclesia.pt\/cv\/wp-json\/wp\/v2\/media?parent=15"}],"wp:term":[{"taxonomy":"category","embeddable":true,"href":"https:\/\/sites.ecclesia.pt\/cv\/wp-json\/wp\/v2\/categories?post=15"},{"taxonomy":"post_tag","embeddable":true,"href":"https:\/\/sites.ecclesia.pt\/cv\/wp-json\/wp\/v2\/tags?post=15"}],"curies":[{"name":"wp","href":"https:\/\/api.w.org\/{rel}","templated":true}]}}