{"id":1502,"date":"2010-05-14T10:40:00","date_gmt":"2010-05-14T10:40:00","guid":{"rendered":"http:\/\/localhost:81\/wp1\/?p=1502"},"modified":"2010-05-14T10:40:00","modified_gmt":"2010-05-14T10:40:00","slug":"vista-alegre-na-visita-do-papa-a-portugal","status":"publish","type":"post","link":"https:\/\/sites.ecclesia.pt\/cv\/vista-alegre-na-visita-do-papa-a-portugal\/","title":{"rendered":"Vista Alegre na visita do Papa a Portugal"},"content":{"rendered":"<p>A exemplo do ocorrido nas visitas dos Papas Paulo VI (1967) e Jo\u00e3o Paulo II (1982 e 1991), tamb\u00e9m Bento XVI na sua actual estadia em Portugal toma as suas refei\u00e7\u00f5es em lou\u00e7a da Vista Alegre.<\/p>\n<p>Para esta visita papal, a f\u00e1brica ilhavense criou, por encomenda da Presid\u00eancia da Rep\u00fablica, o servi\u00e7o de lou\u00e7a oficial usado por Sua Santidade. Igualmente, por encomenda da TAP, a Vista Alegre produziu o servi\u00e7o usado por Bento XVI da sua desloca\u00e7\u00e3o a bordo da companhia a\u00e9rea portuguesa.<\/p>\n<p>Assinalando a actual visita papal a Portugal, a Vista Alegre criou uma pe\u00e7a de porcelana comemorativa \u2013 um cinzeiro com cercadura a ouro e s\u00e9pia e Bras\u00e3o de Armas do Papa \u2013 que se encontra dispon\u00edvel nas lojas da marca.<\/p>\n","protected":false},"excerpt":{"rendered":"<p>A exemplo do ocorrido nas visitas dos Papas Paulo VI (1967) e Jo\u00e3o Paulo II (1982 e 1991), tamb\u00e9m Bento XVI na sua actual estadia em Portugal toma as suas refei\u00e7\u00f5es em lou\u00e7a da Vista Alegre. Para esta visita papal, a f\u00e1brica ilhavense criou, por encomenda da Presid\u00eancia da Rep\u00fablica, o servi\u00e7o de lou\u00e7a oficial [&hellip;]<\/p>\n","protected":false},"author":1,"featured_media":0,"comment_status":"open","ping_status":"open","sticky":false,"template":"","format":"standard","meta":{"footnotes":""},"categories":[45],"tags":[],"class_list":["post-1502","post","type-post","status-publish","format-standard","hentry","category-regioes"],"_links":{"self":[{"href":"https:\/\/sites.ecclesia.pt\/cv\/wp-json\/wp\/v2\/posts\/1502","targetHints":{"allow":["GET"]}}],"collection":[{"href":"https:\/\/sites.ecclesia.pt\/cv\/wp-json\/wp\/v2\/posts"}],"about":[{"href":"https:\/\/sites.ecclesia.pt\/cv\/wp-json\/wp\/v2\/types\/post"}],"author":[{"embeddable":true,"href":"https:\/\/sites.ecclesia.pt\/cv\/wp-json\/wp\/v2\/users\/1"}],"replies":[{"embeddable":true,"href":"https:\/\/sites.ecclesia.pt\/cv\/wp-json\/wp\/v2\/comments?post=1502"}],"version-history":[{"count":0,"href":"https:\/\/sites.ecclesia.pt\/cv\/wp-json\/wp\/v2\/posts\/1502\/revisions"}],"wp:attachment":[{"href":"https:\/\/sites.ecclesia.pt\/cv\/wp-json\/wp\/v2\/media?parent=1502"}],"wp:term":[{"taxonomy":"category","embeddable":true,"href":"https:\/\/sites.ecclesia.pt\/cv\/wp-json\/wp\/v2\/categories?post=1502"},{"taxonomy":"post_tag","embeddable":true,"href":"https:\/\/sites.ecclesia.pt\/cv\/wp-json\/wp\/v2\/tags?post=1502"}],"curies":[{"name":"wp","href":"https:\/\/api.w.org\/{rel}","templated":true}]}}