{"id":15021,"date":"2009-05-06T10:12:00","date_gmt":"2009-05-06T10:12:00","guid":{"rendered":"http:\/\/localhost:81\/wp1\/?p=15021"},"modified":"2009-05-06T10:12:00","modified_gmt":"2009-05-06T10:12:00","slug":"paquistao-10","status":"publish","type":"post","link":"https:\/\/sites.ecclesia.pt\/cv\/paquistao-10\/","title":{"rendered":"Paquist\u00e3o"},"content":{"rendered":"<p>Pelo Mundo <!--more--> Uma crian\u00e7a de 11 anos morreu, na sequ\u00eancia de uma onda de viol\u00eancia de talib\u00e3s contra crist\u00e3os, em Karachi. A Comiss\u00e3o Nacional Justi\u00e7a e Paz da Igreja Cat\u00f3lica no Paquist\u00e3o condenou esta ofensiva que vitimou o pequeno Irfan Masih.<\/p>\n","protected":false},"excerpt":{"rendered":"<p>Pelo Mundo<\/p>\n","protected":false},"author":1,"featured_media":0,"comment_status":"open","ping_status":"open","sticky":false,"template":"","format":"standard","meta":{"footnotes":""},"categories":[55],"tags":[],"class_list":["post-15021","post","type-post","status-publish","format-standard","hentry","category-igreja-no-mundo"],"_links":{"self":[{"href":"https:\/\/sites.ecclesia.pt\/cv\/wp-json\/wp\/v2\/posts\/15021","targetHints":{"allow":["GET"]}}],"collection":[{"href":"https:\/\/sites.ecclesia.pt\/cv\/wp-json\/wp\/v2\/posts"}],"about":[{"href":"https:\/\/sites.ecclesia.pt\/cv\/wp-json\/wp\/v2\/types\/post"}],"author":[{"embeddable":true,"href":"https:\/\/sites.ecclesia.pt\/cv\/wp-json\/wp\/v2\/users\/1"}],"replies":[{"embeddable":true,"href":"https:\/\/sites.ecclesia.pt\/cv\/wp-json\/wp\/v2\/comments?post=15021"}],"version-history":[{"count":0,"href":"https:\/\/sites.ecclesia.pt\/cv\/wp-json\/wp\/v2\/posts\/15021\/revisions"}],"wp:attachment":[{"href":"https:\/\/sites.ecclesia.pt\/cv\/wp-json\/wp\/v2\/media?parent=15021"}],"wp:term":[{"taxonomy":"category","embeddable":true,"href":"https:\/\/sites.ecclesia.pt\/cv\/wp-json\/wp\/v2\/categories?post=15021"},{"taxonomy":"post_tag","embeddable":true,"href":"https:\/\/sites.ecclesia.pt\/cv\/wp-json\/wp\/v2\/tags?post=15021"}],"curies":[{"name":"wp","href":"https:\/\/api.w.org\/{rel}","templated":true}]}}