{"id":1504,"date":"2010-05-14T10:41:00","date_gmt":"2010-05-14T10:41:00","guid":{"rendered":"http:\/\/localhost:81\/wp1\/?p=1504"},"modified":"2010-05-14T10:41:00","modified_gmt":"2010-05-14T10:41:00","slug":"agueda-delimita-caminho-dos-peregrinos-de-fatima","status":"publish","type":"post","link":"https:\/\/sites.ecclesia.pt\/cv\/agueda-delimita-caminho-dos-peregrinos-de-fatima\/","title":{"rendered":"\u00c1gueda delimita caminho dos peregrinos de F\u00e1tima"},"content":{"rendered":"<p>Introduzindo sinais exclusivos, a C\u00e2mara Municipal de \u00c1gueda (CMA) delimitou um trajecto espec\u00edfico para os peregrinos que passam no concelho. Com o lema \u201cPelos Caminhos de \u00c1gueda at\u00e9 F\u00e1tima\u201d, esta iniciativa pretende auxiliar os peregrinos, ao facultar-lhes o acesso a um percurso mais r\u00e1pido e seguro, desde o lugar da Cavada Nova, a norte, at\u00e9 Aguada de Baixo, a sul, e, ao mesmo tempo, mais agrad\u00e1vel de percorrer. O percurso segue a antiga Nacional 1, afastando-se do IC2, estrada com mais tr\u00e2nsito, logo, mais perigosa para os peregrinos.<\/p>\n<p>A CMA preparou tamb\u00e9m uns folhetos informativos que incluem uma listagem de restaurantes, alojamentos, contactos \u00fateis e \u00e1reas de apoio, que as pessoas podem encontrar ao longo do percurso. Estes folhetos encontram-se dispon\u00edveis ao longo do percurso, nesses mesmos restaurantes e alojamentos e nas instala\u00e7\u00f5es da C\u00e2mara Municipal de \u00c1gueda.<\/p>\n","protected":false},"excerpt":{"rendered":"<p>Introduzindo sinais exclusivos, a C\u00e2mara Municipal de \u00c1gueda (CMA) delimitou um trajecto espec\u00edfico para os peregrinos que passam no concelho. Com o lema \u201cPelos Caminhos de \u00c1gueda at\u00e9 F\u00e1tima\u201d, esta iniciativa pretende auxiliar os peregrinos, ao facultar-lhes o acesso a um percurso mais r\u00e1pido e seguro, desde o lugar da Cavada Nova, a norte, at\u00e9 [&hellip;]<\/p>\n","protected":false},"author":1,"featured_media":0,"comment_status":"open","ping_status":"open","sticky":false,"template":"","format":"standard","meta":{"footnotes":""},"categories":[45],"tags":[],"class_list":["post-1504","post","type-post","status-publish","format-standard","hentry","category-regioes"],"_links":{"self":[{"href":"https:\/\/sites.ecclesia.pt\/cv\/wp-json\/wp\/v2\/posts\/1504","targetHints":{"allow":["GET"]}}],"collection":[{"href":"https:\/\/sites.ecclesia.pt\/cv\/wp-json\/wp\/v2\/posts"}],"about":[{"href":"https:\/\/sites.ecclesia.pt\/cv\/wp-json\/wp\/v2\/types\/post"}],"author":[{"embeddable":true,"href":"https:\/\/sites.ecclesia.pt\/cv\/wp-json\/wp\/v2\/users\/1"}],"replies":[{"embeddable":true,"href":"https:\/\/sites.ecclesia.pt\/cv\/wp-json\/wp\/v2\/comments?post=1504"}],"version-history":[{"count":0,"href":"https:\/\/sites.ecclesia.pt\/cv\/wp-json\/wp\/v2\/posts\/1504\/revisions"}],"wp:attachment":[{"href":"https:\/\/sites.ecclesia.pt\/cv\/wp-json\/wp\/v2\/media?parent=1504"}],"wp:term":[{"taxonomy":"category","embeddable":true,"href":"https:\/\/sites.ecclesia.pt\/cv\/wp-json\/wp\/v2\/categories?post=1504"},{"taxonomy":"post_tag","embeddable":true,"href":"https:\/\/sites.ecclesia.pt\/cv\/wp-json\/wp\/v2\/tags?post=1504"}],"curies":[{"name":"wp","href":"https:\/\/api.w.org\/{rel}","templated":true}]}}