{"id":1508,"date":"2010-05-05T09:33:00","date_gmt":"2010-05-05T09:33:00","guid":{"rendered":"http:\/\/localhost:81\/wp1\/?p=1508"},"modified":"2010-05-05T09:33:00","modified_gmt":"2010-05-05T09:33:00","slug":"peregrinacao-dos-doentes-alterada-para-o-dia-da-igreja-diocesana","status":"publish","type":"post","link":"https:\/\/sites.ecclesia.pt\/cv\/peregrinacao-dos-doentes-alterada-para-o-dia-da-igreja-diocesana\/","title":{"rendered":"Peregrina\u00e7\u00e3o dos doentes alterada para o Dia da Igreja Diocesana"},"content":{"rendered":"<p>A peregrina\u00e7\u00e3o diocesana dos doentes, inicialmente prevista para o \u00faltimo domingo de Maio, realiza-se, afinal, no Dia da Igreja Diocesana, marcado para 6 de Junho, no Parque de Exposi\u00e7\u00f5es de Aveiro (local da Feira de Mar\u00e7o, por exemplo).<\/p>\n<p>Respondendo ao apelo \u00e0 participa\u00e7\u00e3o dirigido a todos os diocesanos por D. Ant\u00f3nio Francisco (no Correio do Vouga de 21 de Abril), a equipa diocesana decidiu alterar a data da peregrina\u00e7\u00e3o. \u201cTemos consci\u00eancia de que \u00e9 tardia esta altera\u00e7\u00e3o e das implica\u00e7\u00f5es que a mesma pode causar\u201d, escreve o di\u00e1cono Jos\u00e9 Carlos Costa, coordenador da Pastoral dos Doentes, em carta dirigida aos agentes pastorais deste sector. \u201cContudo \u2013 prossegue \u2013, pedimos a compreens\u00e3o de todos e um redobrado esfor\u00e7o para mobilizarmos toda a Igreja, que tamb\u00e9m \u00e9 nossa, principalmente os doentes e idosos que habitualmente visitamos e a quem fazemos acompanhamento permanente, a estarem presentes com o nosso Bispo, D. Ant\u00f3nio Francisco dos Santos, a celebrar o Dia da Igreja Diocesana\u201d.<\/p>\n<p>O ponto de encontro dos doentes e cuidadores ser\u00e1 o espa\u00e7o reservado \u00e0 ora\u00e7\u00e3o de adultos. \u201cL\u00e1 estaremos para vos acolher e ajudar\u201d, escreve o coordenador diocesano.<\/p>\n","protected":false},"excerpt":{"rendered":"<p>A peregrina\u00e7\u00e3o diocesana dos doentes, inicialmente prevista para o \u00faltimo domingo de Maio, realiza-se, afinal, no Dia da Igreja Diocesana, marcado para 6 de Junho, no Parque de Exposi\u00e7\u00f5es de Aveiro (local da Feira de Mar\u00e7o, por exemplo). Respondendo ao apelo \u00e0 participa\u00e7\u00e3o dirigido a todos os diocesanos por D. Ant\u00f3nio Francisco (no Correio do [&hellip;]<\/p>\n","protected":false},"author":1,"featured_media":0,"comment_status":"open","ping_status":"open","sticky":false,"template":"","format":"standard","meta":{"footnotes":""},"categories":[70],"tags":[],"class_list":["post-1508","post","type-post","status-publish","format-standard","hentry","category-diocese"],"_links":{"self":[{"href":"https:\/\/sites.ecclesia.pt\/cv\/wp-json\/wp\/v2\/posts\/1508","targetHints":{"allow":["GET"]}}],"collection":[{"href":"https:\/\/sites.ecclesia.pt\/cv\/wp-json\/wp\/v2\/posts"}],"about":[{"href":"https:\/\/sites.ecclesia.pt\/cv\/wp-json\/wp\/v2\/types\/post"}],"author":[{"embeddable":true,"href":"https:\/\/sites.ecclesia.pt\/cv\/wp-json\/wp\/v2\/users\/1"}],"replies":[{"embeddable":true,"href":"https:\/\/sites.ecclesia.pt\/cv\/wp-json\/wp\/v2\/comments?post=1508"}],"version-history":[{"count":0,"href":"https:\/\/sites.ecclesia.pt\/cv\/wp-json\/wp\/v2\/posts\/1508\/revisions"}],"wp:attachment":[{"href":"https:\/\/sites.ecclesia.pt\/cv\/wp-json\/wp\/v2\/media?parent=1508"}],"wp:term":[{"taxonomy":"category","embeddable":true,"href":"https:\/\/sites.ecclesia.pt\/cv\/wp-json\/wp\/v2\/categories?post=1508"},{"taxonomy":"post_tag","embeddable":true,"href":"https:\/\/sites.ecclesia.pt\/cv\/wp-json\/wp\/v2\/tags?post=1508"}],"curies":[{"name":"wp","href":"https:\/\/api.w.org\/{rel}","templated":true}]}}