{"id":15139,"date":"2009-05-06T12:05:00","date_gmt":"2009-05-06T12:05:00","guid":{"rendered":"http:\/\/localhost:81\/wp1\/?p=15139"},"modified":"2009-05-06T12:05:00","modified_gmt":"2009-05-06T12:05:00","slug":"vamos-aprender-a-contar-historias","status":"publish","type":"post","link":"https:\/\/sites.ecclesia.pt\/cv\/vamos-aprender-a-contar-historias\/","title":{"rendered":"Vamos aprender a contar hist\u00f3rias"},"content":{"rendered":"<p>A C\u00e2mara Municipal de \u00c1gueda promove no dia 9 de Maio, na Biblioteca Municipal, \u00e0s 15h00, um  Workshop intitulado \u201cEnt\u00e3o era uma vez\u2026 (a arte de contar hist\u00f3rias para pais)\u201d, conduzido pela actriz e contadora de hist\u00f3rias Clara Haddad.<\/p>\n<p>De forma descontra\u00edda e sem o peso de uma forma\u00e7\u00e3o propriamente dita, todos os participantes s\u00e3o convidados a descobrir a sua maneira de contar uma hist\u00f3ria. Esta ac\u00e7\u00e3o \u00e9 para todos aqueles que gostariam de contar hist\u00f3rias aos seus filhos, netos, alunos e n\u00e3o sabem como faz\u00ea-lo ou acreditam que \u201cn\u00e3o t\u00eam jeito para isso\u201d.<\/p>\n<p>\u201cA Arte de Contar Hist\u00f3rias\u201d. Dia 9 de Maio, das 15h \u00e0s 17h, na Biblioteca Municipal de \u00c1gueda, com Clara Haddad.<\/p>\n","protected":false},"excerpt":{"rendered":"<p>A C\u00e2mara Municipal de \u00c1gueda promove no dia 9 de Maio, na Biblioteca Municipal, \u00e0s 15h00, um Workshop intitulado \u201cEnt\u00e3o era uma vez\u2026 (a arte de contar hist\u00f3rias para pais)\u201d, conduzido pela actriz e contadora de hist\u00f3rias Clara Haddad. De forma descontra\u00edda e sem o peso de uma forma\u00e7\u00e3o propriamente dita, todos os participantes s\u00e3o [&hellip;]<\/p>\n","protected":false},"author":1,"featured_media":0,"comment_status":"open","ping_status":"open","sticky":false,"template":"","format":"standard","meta":{"footnotes":""},"categories":[67],"tags":[],"class_list":["post-15139","post","type-post","status-publish","format-standard","hentry","category-ver-ouvir-sair"],"_links":{"self":[{"href":"https:\/\/sites.ecclesia.pt\/cv\/wp-json\/wp\/v2\/posts\/15139","targetHints":{"allow":["GET"]}}],"collection":[{"href":"https:\/\/sites.ecclesia.pt\/cv\/wp-json\/wp\/v2\/posts"}],"about":[{"href":"https:\/\/sites.ecclesia.pt\/cv\/wp-json\/wp\/v2\/types\/post"}],"author":[{"embeddable":true,"href":"https:\/\/sites.ecclesia.pt\/cv\/wp-json\/wp\/v2\/users\/1"}],"replies":[{"embeddable":true,"href":"https:\/\/sites.ecclesia.pt\/cv\/wp-json\/wp\/v2\/comments?post=15139"}],"version-history":[{"count":0,"href":"https:\/\/sites.ecclesia.pt\/cv\/wp-json\/wp\/v2\/posts\/15139\/revisions"}],"wp:attachment":[{"href":"https:\/\/sites.ecclesia.pt\/cv\/wp-json\/wp\/v2\/media?parent=15139"}],"wp:term":[{"taxonomy":"category","embeddable":true,"href":"https:\/\/sites.ecclesia.pt\/cv\/wp-json\/wp\/v2\/categories?post=15139"},{"taxonomy":"post_tag","embeddable":true,"href":"https:\/\/sites.ecclesia.pt\/cv\/wp-json\/wp\/v2\/tags?post=15139"}],"curies":[{"name":"wp","href":"https:\/\/api.w.org\/{rel}","templated":true}]}}