{"id":15141,"date":"2009-05-06T12:07:00","date_gmt":"2009-05-06T12:07:00","guid":{"rendered":"http:\/\/localhost:81\/wp1\/?p=15141"},"modified":"2009-05-06T12:07:00","modified_gmt":"2009-05-06T12:07:00","slug":"ha-gripe-na-minha-cidade","status":"publish","type":"post","link":"https:\/\/sites.ecclesia.pt\/cv\/ha-gripe-na-minha-cidade\/","title":{"rendered":"H\u00e1 gripe na minha cidade"},"content":{"rendered":"<p>Ponta de Lan\u00e7a <!--more--> Tal como vimos abordando, esta \u201caldeia\u201d global j\u00e1 cresceu muito. Continua global mas j\u00e1 n\u00e3o tem os valores da aldeia, \u201ccidadinizou-se\u201d! Agora tem mais \u201cn\u00e9ons\u201d, \u00e9 mais \u201clight\u201d, an\u00f3nima, veloz. Tem mais interac\u00e7\u00e3o, mais acotovelamentos, mais choques.<\/p>\n<p>O caso \u00e9 s\u00e9rio \u2013 como o s\u00e3o todos os casos s\u00e9rios!<\/p>\n<p>Na minha aldeia, quando algu\u00e9m tinha uma gripe, abafava-se, abufava-se e abifava-se, tr\u00eas dias depois estava curado ou curada.<\/p>\n<p>E se algum caso fosse mais dif\u00edcil, ficava uns dias por casa, com umas po\u00e7\u00f5es e papas de linha\u00e7a, e tamb\u00e9m recuperava. Todos tinham o cuidado de zelar pelo que lhe fazia falta, com uma galinha ou su\u00edno; pensava-se o est\u00e1bulo; amanhavam-se-lhe os campos; preserva-se a dist\u00e2ncia para n\u00e3o haver cont\u00e1gio.<\/p>\n<p>Agora parece tudo maluco!<\/p>\n<p>Como somos toda parte de uma cidade global, andamos de avi\u00e3o, vamos de f\u00e9rias para longe, comemos, bebemos e respiramos artificialmente.<\/p>\n<p>O meu vizinho, o da frente, foi h\u00e1 dias n\u00e3o sei aonde, e veio (ele, a esposa e os filhos) com uma gripe &#8211; uma simples gripe! Mas as autoridades vieram busc\u00e1-los. Levaram-nos n\u00e3o sei para onde. Dizem que andam com uns \u201ctapa-bocas\u201d, s\u00e3o suspeitos de terrorismo sanit\u00e1rio.<\/p>\n<p>Curiosamente, dizem que \u00e9 a gripe A (se isto chega a Z!), a que j\u00e1 foi su\u00edna e das aves, a dos frangos ou l\u00e1 pr\u00f3ximo.<\/p>\n<p>Bolas! Logo o que t\u00ednhamos como primeiro recurso de sustenta\u00e7\u00e3o, l\u00e1 na minha aldeia! Qualquer dia pega nos ovos, nas couves, nas hortali\u00e7as todas.<\/p>\n<p>Isto de ser \u201ccidade\u201d ainda acaba por nos matar a todos! S\u00f3 com uma gripe j\u00e1 ficamos assim\u2026!?<\/p>\n<p>Anda tudo louco. At\u00e9 aqueles que, com uma falta de vergonha tal, nem sequer acham importante tapar a boca! \u00c9 velho\u2026 \u201cou entra mosca ou sai asneira\u201d.<\/p>\n<p>Desportivamente\u2026 <\/p>\n<p>&#8230;pelo desporto!<\/p>\n","protected":false},"excerpt":{"rendered":"<p>Ponta de Lan\u00e7a<\/p>\n","protected":false},"author":1,"featured_media":0,"comment_status":"open","ping_status":"open","sticky":false,"template":"","format":"standard","meta":{"footnotes":""},"categories":[62],"tags":[],"class_list":["post-15141","post","type-post","status-publish","format-standard","hentry","category-opiniao"],"_links":{"self":[{"href":"https:\/\/sites.ecclesia.pt\/cv\/wp-json\/wp\/v2\/posts\/15141","targetHints":{"allow":["GET"]}}],"collection":[{"href":"https:\/\/sites.ecclesia.pt\/cv\/wp-json\/wp\/v2\/posts"}],"about":[{"href":"https:\/\/sites.ecclesia.pt\/cv\/wp-json\/wp\/v2\/types\/post"}],"author":[{"embeddable":true,"href":"https:\/\/sites.ecclesia.pt\/cv\/wp-json\/wp\/v2\/users\/1"}],"replies":[{"embeddable":true,"href":"https:\/\/sites.ecclesia.pt\/cv\/wp-json\/wp\/v2\/comments?post=15141"}],"version-history":[{"count":0,"href":"https:\/\/sites.ecclesia.pt\/cv\/wp-json\/wp\/v2\/posts\/15141\/revisions"}],"wp:attachment":[{"href":"https:\/\/sites.ecclesia.pt\/cv\/wp-json\/wp\/v2\/media?parent=15141"}],"wp:term":[{"taxonomy":"category","embeddable":true,"href":"https:\/\/sites.ecclesia.pt\/cv\/wp-json\/wp\/v2\/categories?post=15141"},{"taxonomy":"post_tag","embeddable":true,"href":"https:\/\/sites.ecclesia.pt\/cv\/wp-json\/wp\/v2\/tags?post=15141"}],"curies":[{"name":"wp","href":"https:\/\/api.w.org\/{rel}","templated":true}]}}