{"id":1516,"date":"2010-05-14T10:42:00","date_gmt":"2010-05-14T10:42:00","guid":{"rendered":"http:\/\/localhost:81\/wp1\/?p=1516"},"modified":"2010-05-14T10:42:00","modified_gmt":"2010-05-14T10:42:00","slug":"aveiro-dia-da-familia-em-tres-locais","status":"publish","type":"post","link":"https:\/\/sites.ecclesia.pt\/cv\/aveiro-dia-da-familia-em-tres-locais\/","title":{"rendered":"Aveiro: Dia da Fam\u00edlia em tr\u00eas locais"},"content":{"rendered":"<p>Breves <!--more--> Dia Internacional das Fam\u00edlias, no dia 15 de Maio, vai ser comemorado em Aveiro junto ao Canal de S. Roque, no Rossio e na Baixa Sto. Ant\u00f3nio. No primeiro local h\u00e1 actividades para pais e crian\u00e7as, das 10h \u00e0s 13h. No Parque da Baixa de Santo Ant\u00f3nio, das 14h30 \u00e0s 20h, h\u00e1 yoga e pintura para pais e filhos mais jovens.<\/p>\n<p>No Rossio, das 21h00 \u00e0s 24h, especialmente para jovens e adultos, actuam a banda rock  \u201cThe Legacy\u201d e os DJs Mikel Moon e David Ismael.<\/p>\n<p>O Dia Internacional das Fam\u00edlias foi institu\u00eddo em 1994.<\/p>\n","protected":false},"excerpt":{"rendered":"<p>Breves<\/p>\n","protected":false},"author":1,"featured_media":0,"comment_status":"open","ping_status":"open","sticky":false,"template":"","format":"standard","meta":{"footnotes":""},"categories":[45],"tags":[],"class_list":["post-1516","post","type-post","status-publish","format-standard","hentry","category-regioes"],"_links":{"self":[{"href":"https:\/\/sites.ecclesia.pt\/cv\/wp-json\/wp\/v2\/posts\/1516","targetHints":{"allow":["GET"]}}],"collection":[{"href":"https:\/\/sites.ecclesia.pt\/cv\/wp-json\/wp\/v2\/posts"}],"about":[{"href":"https:\/\/sites.ecclesia.pt\/cv\/wp-json\/wp\/v2\/types\/post"}],"author":[{"embeddable":true,"href":"https:\/\/sites.ecclesia.pt\/cv\/wp-json\/wp\/v2\/users\/1"}],"replies":[{"embeddable":true,"href":"https:\/\/sites.ecclesia.pt\/cv\/wp-json\/wp\/v2\/comments?post=1516"}],"version-history":[{"count":0,"href":"https:\/\/sites.ecclesia.pt\/cv\/wp-json\/wp\/v2\/posts\/1516\/revisions"}],"wp:attachment":[{"href":"https:\/\/sites.ecclesia.pt\/cv\/wp-json\/wp\/v2\/media?parent=1516"}],"wp:term":[{"taxonomy":"category","embeddable":true,"href":"https:\/\/sites.ecclesia.pt\/cv\/wp-json\/wp\/v2\/categories?post=1516"},{"taxonomy":"post_tag","embeddable":true,"href":"https:\/\/sites.ecclesia.pt\/cv\/wp-json\/wp\/v2\/tags?post=1516"}],"curies":[{"name":"wp","href":"https:\/\/api.w.org\/{rel}","templated":true}]}}