{"id":15238,"date":"2009-05-21T11:54:00","date_gmt":"2009-05-21T11:54:00","guid":{"rendered":"http:\/\/localhost:81\/wp1\/?p=15238"},"modified":"2009-05-21T11:54:00","modified_gmt":"2009-05-21T11:54:00","slug":"estatua-de-homenagem-a-jose-estevao","status":"publish","type":"post","link":"https:\/\/sites.ecclesia.pt\/cv\/estatua-de-homenagem-a-jose-estevao\/","title":{"rendered":"Est\u00e1tua de homenagem a Jos\u00e9 Est\u00eav\u00e3o"},"content":{"rendered":"<p>Monumentos de Aveiro <!--more--> No dia 12 de Agosto de 1889 (h\u00e1 120 anos), frente aos Pa\u00e7os do Concelho de Aveiro, foi inaugurada a est\u00e1tua de homenagem a Jos\u00e9 Est\u00eav\u00e3o Coelho de Magalh\u00e3es, da autoria do escultor Jos\u00e9 Sim\u00f5es de Almeida J\u00fanior, escultura que ainda hoje continua a ser um dos mais imponentes monumentos de Aveiro.<\/p>\n<p>Jos\u00e9 Est\u00eav\u00e3o nasceu no dia 26 de Dezembro de 1809 (h\u00e1 200 anos), numa casa junto as Arcos, conforme placa colocada na fachada. Morreu no dia 4 de Novembro de 1862. As l\u00e1pides do monumento evocam alguns dos principais marcos da vida e obra de Jos\u00e9 Est\u00eav\u00e3o.<\/p>\n","protected":false},"excerpt":{"rendered":"<p>Monumentos de Aveiro<\/p>\n","protected":false},"author":1,"featured_media":0,"comment_status":"open","ping_status":"open","sticky":false,"template":"","format":"standard","meta":{"footnotes":""},"categories":[45],"tags":[],"class_list":["post-15238","post","type-post","status-publish","format-standard","hentry","category-regioes"],"_links":{"self":[{"href":"https:\/\/sites.ecclesia.pt\/cv\/wp-json\/wp\/v2\/posts\/15238","targetHints":{"allow":["GET"]}}],"collection":[{"href":"https:\/\/sites.ecclesia.pt\/cv\/wp-json\/wp\/v2\/posts"}],"about":[{"href":"https:\/\/sites.ecclesia.pt\/cv\/wp-json\/wp\/v2\/types\/post"}],"author":[{"embeddable":true,"href":"https:\/\/sites.ecclesia.pt\/cv\/wp-json\/wp\/v2\/users\/1"}],"replies":[{"embeddable":true,"href":"https:\/\/sites.ecclesia.pt\/cv\/wp-json\/wp\/v2\/comments?post=15238"}],"version-history":[{"count":0,"href":"https:\/\/sites.ecclesia.pt\/cv\/wp-json\/wp\/v2\/posts\/15238\/revisions"}],"wp:attachment":[{"href":"https:\/\/sites.ecclesia.pt\/cv\/wp-json\/wp\/v2\/media?parent=15238"}],"wp:term":[{"taxonomy":"category","embeddable":true,"href":"https:\/\/sites.ecclesia.pt\/cv\/wp-json\/wp\/v2\/categories?post=15238"},{"taxonomy":"post_tag","embeddable":true,"href":"https:\/\/sites.ecclesia.pt\/cv\/wp-json\/wp\/v2\/tags?post=15238"}],"curies":[{"name":"wp","href":"https:\/\/api.w.org\/{rel}","templated":true}]}}