{"id":15239,"date":"2009-05-21T11:56:00","date_gmt":"2009-05-21T11:56:00","guid":{"rendered":"http:\/\/localhost:81\/wp1\/?p=15239"},"modified":"2009-05-21T11:56:00","modified_gmt":"2009-05-21T11:56:00","slug":"festa-de-santa-joana","status":"publish","type":"post","link":"https:\/\/sites.ecclesia.pt\/cv\/festa-de-santa-joana\/","title":{"rendered":"Festa de Santa Joana"},"content":{"rendered":"<p>Na celebra\u00e7\u00e3o da Eucaristia, no dia 12 de Maio. D. Ant\u00f3nio Francisco real\u00e7ou que a padroeira da cidade \u00e9 tamb\u00e9m a da Diocese, porque a Igreja vive as mesmas vicissitudes da comunidade humana em que se insere e aprecia os que com compet\u00eancia s\u00e3o construtores de cidadania. A comunidade muito deve a \u201chomens e mulheres que edificaram a cidade\u201d e, entre eles, \u00e0 mais santa de todos. \u201cO carisma pr\u00f3prio de Santa Joana convida-nos \u00e0 ora\u00e7\u00e3o, \u00e0 capacidade de acolhimento, a sermos evangelizados e evangelizadores \u2013 primeiro servi\u00e7o que a Igreja presta \u00e0 sociedade\u201d, disse.<\/p>\n<p>Os jovens da irmandade fizeram as promessas de cavaleiros, aias e mestres. Esta \u00faltima categoria \u00e9 nova. Pretende-se lembrar os mestres que tiveram influ\u00eancia na educa\u00e7\u00e3o humana e religiosa da Princesa. Foram investidos como mestres cinco rapazes e quatro raparigas.<\/p>\n<p>No final da celebra\u00e7\u00e3o, Monsenhor Jo\u00e3o Gaspar leu a mensagem do Cardeal Tarc\u00edsio Bertone, secret\u00e1rio de Estado da Santa S\u00e9: \u201cO Santo Padre associa-se de bom grado a tal preito de gratid\u00e3o pela benevol\u00eancia divina manifestada a Aveiro na pessoa de quantos fielmente t\u00eam guiado e servido os seus destinos e cuja mem\u00f3ria permanece viva nas suas obras e no cora\u00e7\u00e3o sens\u00edvel e justo dos que delas bene-ficiam. Queira Deus fortalecer cada vez mais a alma da cidade, ou seja, o amor rec\u00edproco entre os seus habitantes, para que cada fam\u00edlia, cada rua, cada bairro se torne uma comunidade, onde ningu\u00e9m se sinta sozinho, indesejado, rejeitado, desprezado ou odiado. A corroborar tal prece, Sua Santidade o Papa Bento XVI concede \u00e0 cidade de Aveiro com todo o seu povo fiel a implorada B\u00ean\u00e7\u00e3o Apost\u00f3lica\u201d. <\/p>\n<p>O Bispo de Aveiro cumprimentou o presidente da C\u00e2mara, \u00c9lio Maia, que tamb\u00e9m passaria pelo t\u00famulo de Santa Joana. Da sess\u00e3o solene que decorreu no Teatro Aveirense, na v\u00e9spera, al\u00e9m das homenagens (ver CV de 13 de Maio) e do lan\u00e7amento de um disco que re\u00fane can\u00e7\u00f5es de Aveiro, ficam na mem\u00f3ria alguns n\u00fameros avan\u00e7ados pelo presidente da C\u00e2mara. \u00c9lio Maia referiu que os investimentos do futuro pr\u00f3ximo no concelho de Aveiro ultrapassam os 350 milh\u00f5es de euros, repartidos por v\u00e1rias entidades. Por outro lado, nos \u00faltimos tr\u00eas anos a c\u00e2mara pagou 40 milh\u00f5es de euros a institui\u00e7\u00f5es banc\u00e1rias. \u201cDaria para pavimentar duas vezes os 600 km da rede vi\u00e1ria municipal\u201d, afirmou. O autarca real\u00e7ou, por outro lado, o projecto do Parque da Sustentabilidade. Trata-se da requalifica\u00e7\u00e3o de uma zona que vai do bairro do Alboi at\u00e9 Santiago, incluindo Baixa de Santo Ant\u00f3nio, o Parque da Cidade e o velho Est\u00e1dio M\u00e1rio Duarte.<\/p>\n<p>\u00c0 tarde, a prociss\u00e3o de Santa Joana percorreu algumas art\u00e9rias da cidade, sempre com muitos populares a participar e a ver. Autarquia e governo civil marcaram presen\u00e7a. Este ano, algumas ruas estiveram atapetadas com junco, como noutros tempos era h\u00e1bito (e em alguns lugares ainda \u00e9). As festas terminaram com uma actua\u00e7\u00e3o bem disposta da Tuna Universit\u00e1ria na Pra\u00e7a do Milen\u00e1rio, \u00e0 sombra da est\u00e1tua da padroeira de Aveiro e desta tuna.<\/p>\n<p>Ap\u00f3s a celebra\u00e7\u00e3o da Eucaristia, bispo, padres, irmandade e demais devotos dirigiram-se ao t\u00famulo onde repousam os restos mortais de Santa Joana, no Museu de Aveiro. Rezou-se uma ora\u00e7\u00e3o composta por D. Jo\u00e3o Evangelista de Lima Vidal e cantou-se um c\u00e2ntico composto por Mons. Jo\u00e3o Gaspar, h\u00e1 50 anos, a pedido de D. Domingos da Apresenta\u00e7\u00e3o Fernandes.<\/p>\n","protected":false},"excerpt":{"rendered":"<p>Na celebra\u00e7\u00e3o da Eucaristia, no dia 12 de Maio. D. Ant\u00f3nio Francisco real\u00e7ou que a padroeira da cidade \u00e9 tamb\u00e9m a da Diocese, porque a Igreja vive as mesmas vicissitudes da comunidade humana em que se insere e aprecia os que com compet\u00eancia s\u00e3o construtores de cidadania. A comunidade muito deve a \u201chomens e mulheres [&hellip;]<\/p>\n","protected":false},"author":1,"featured_media":0,"comment_status":"open","ping_status":"open","sticky":false,"template":"","format":"standard","meta":{"footnotes":""},"categories":[38],"tags":[],"class_list":["post-15239","post","type-post","status-publish","format-standard","hentry","category-destaque"],"_links":{"self":[{"href":"https:\/\/sites.ecclesia.pt\/cv\/wp-json\/wp\/v2\/posts\/15239","targetHints":{"allow":["GET"]}}],"collection":[{"href":"https:\/\/sites.ecclesia.pt\/cv\/wp-json\/wp\/v2\/posts"}],"about":[{"href":"https:\/\/sites.ecclesia.pt\/cv\/wp-json\/wp\/v2\/types\/post"}],"author":[{"embeddable":true,"href":"https:\/\/sites.ecclesia.pt\/cv\/wp-json\/wp\/v2\/users\/1"}],"replies":[{"embeddable":true,"href":"https:\/\/sites.ecclesia.pt\/cv\/wp-json\/wp\/v2\/comments?post=15239"}],"version-history":[{"count":0,"href":"https:\/\/sites.ecclesia.pt\/cv\/wp-json\/wp\/v2\/posts\/15239\/revisions"}],"wp:attachment":[{"href":"https:\/\/sites.ecclesia.pt\/cv\/wp-json\/wp\/v2\/media?parent=15239"}],"wp:term":[{"taxonomy":"category","embeddable":true,"href":"https:\/\/sites.ecclesia.pt\/cv\/wp-json\/wp\/v2\/categories?post=15239"},{"taxonomy":"post_tag","embeddable":true,"href":"https:\/\/sites.ecclesia.pt\/cv\/wp-json\/wp\/v2\/tags?post=15239"}],"curies":[{"name":"wp","href":"https:\/\/api.w.org\/{rel}","templated":true}]}}