{"id":15240,"date":"2009-05-21T11:57:00","date_gmt":"2009-05-21T11:57:00","guid":{"rendered":"http:\/\/localhost:81\/wp1\/?p=15240"},"modified":"2009-05-21T11:57:00","modified_gmt":"2009-05-21T11:57:00","slug":"secundaria-de-ilhavo-tenta-manter-curso-tecnologico-de-design","status":"publish","type":"post","link":"https:\/\/sites.ecclesia.pt\/cv\/secundaria-de-ilhavo-tenta-manter-curso-tecnologico-de-design\/","title":{"rendered":"Secund\u00e1ria de \u00cdlhavo tenta manter Curso Tecnol\u00f3gico de Design"},"content":{"rendered":"<p>A Escola Secund\u00e1ria Jo\u00e3o Carlos Celestino Gomes (de \u00cdlhavo) est\u00e1 a tentar manter o Curso Tecnol\u00f3gico de Design e Equipamento, como referiu o presidente do executivo da escola, Manuel Oliveira de Sousa, na inaugura\u00e7\u00e3o na 14.\u00aa Exposi\u00e7\u00e3o dos Alunos de Artes e Of\u00edcios. <\/p>\n<p>\u201cO Curso de Artes e Of\u00edcios termina\u201d, revela Manuel Oliveira de Sousa. \u201cQueremos que o Curso Tecnol\u00f3gico de Design e Equipamento continue. Obviamente que h\u00e1 uma s\u00e9rie de quest\u00f5es que s\u00e3o de \u00edndole legal que a lei nos imp\u00f5e. Se n\u00e3o conseguirmos este curso, na escola, h\u00e1 ideias formais para continuarmos com este trabalho art\u00edstico, que \u00e9 um dos vectores que caracterizou o nosso patrono [o pintor Celestino Gomes], at\u00e9 porque estamos no Ano Europeu da Criatividade e Inova\u00e7\u00e3o\u201d, acrescenta. Se isso n\u00e3o for poss\u00edvel, \u201cdevemos procurar outros meios, investir nos alunos do terceiro ciclo para a que, se n\u00e3o conseguirmos que o curso prossiga no pr\u00f3ximo ano lectivo, conseguirmos dentro de dois anos\u201d.<\/p>\n<p>Com a reforma curricular que introduz o ensino profissional nas escolas, o respons\u00e1vel pela escola ilhavense sublinha que \u201co Curso Tecnol\u00f3gico de Design e Equipamento \u00e9 o que se enquadra nessa reforma curricular, o que j\u00e1 n\u00e3o acontece com o Curso de Artes e Of\u00edcios\u201d. O quadro legislativo imp\u00f5e um n\u00famero m\u00ednimo de alunos por turma e por curso.<\/p>\n<p>Os alunos do Curso Tecnol\u00f3gico de Design e Equipamentos \u201csaem com um diploma que lhes confere a entrada no mercado de trabalho, porque o curso inclui um est\u00e1gio em empresas e institui\u00e7\u00f5es da regi\u00e3o\u201d, referiu o arquitecto \u00d3scar Gra\u00e7a, director e orientador do referido curso. \u201cMuitos dos nossos alunos t\u00eam prosseguido estudos superiores, ap\u00f3s fazerem as cadeiras que lhes permitem o ingresso nas universidades. Como aliam a pr\u00e1tica \u00e0 teoria, conseguem bons resultados nas universidades\u201d, refere \u00d3scar Gra\u00e7a.<\/p>\n<p>C.F.<\/p>\n","protected":false},"excerpt":{"rendered":"<p>A Escola Secund\u00e1ria Jo\u00e3o Carlos Celestino Gomes (de \u00cdlhavo) est\u00e1 a tentar manter o Curso Tecnol\u00f3gico de Design e Equipamento, como referiu o presidente do executivo da escola, Manuel Oliveira de Sousa, na inaugura\u00e7\u00e3o na 14.\u00aa Exposi\u00e7\u00e3o dos Alunos de Artes e Of\u00edcios. \u201cO Curso de Artes e Of\u00edcios termina\u201d, revela Manuel Oliveira de Sousa. [&hellip;]<\/p>\n","protected":false},"author":1,"featured_media":0,"comment_status":"open","ping_status":"open","sticky":false,"template":"","format":"standard","meta":{"footnotes":""},"categories":[45],"tags":[],"class_list":["post-15240","post","type-post","status-publish","format-standard","hentry","category-regioes"],"_links":{"self":[{"href":"https:\/\/sites.ecclesia.pt\/cv\/wp-json\/wp\/v2\/posts\/15240","targetHints":{"allow":["GET"]}}],"collection":[{"href":"https:\/\/sites.ecclesia.pt\/cv\/wp-json\/wp\/v2\/posts"}],"about":[{"href":"https:\/\/sites.ecclesia.pt\/cv\/wp-json\/wp\/v2\/types\/post"}],"author":[{"embeddable":true,"href":"https:\/\/sites.ecclesia.pt\/cv\/wp-json\/wp\/v2\/users\/1"}],"replies":[{"embeddable":true,"href":"https:\/\/sites.ecclesia.pt\/cv\/wp-json\/wp\/v2\/comments?post=15240"}],"version-history":[{"count":0,"href":"https:\/\/sites.ecclesia.pt\/cv\/wp-json\/wp\/v2\/posts\/15240\/revisions"}],"wp:attachment":[{"href":"https:\/\/sites.ecclesia.pt\/cv\/wp-json\/wp\/v2\/media?parent=15240"}],"wp:term":[{"taxonomy":"category","embeddable":true,"href":"https:\/\/sites.ecclesia.pt\/cv\/wp-json\/wp\/v2\/categories?post=15240"},{"taxonomy":"post_tag","embeddable":true,"href":"https:\/\/sites.ecclesia.pt\/cv\/wp-json\/wp\/v2\/tags?post=15240"}],"curies":[{"name":"wp","href":"https:\/\/api.w.org\/{rel}","templated":true}]}}