{"id":15241,"date":"2009-05-21T11:58:00","date_gmt":"2009-05-21T11:58:00","guid":{"rendered":"http:\/\/localhost:81\/wp1\/?p=15241"},"modified":"2009-05-21T11:58:00","modified_gmt":"2009-05-21T11:58:00","slug":"qual-o-doce-regional-de-cacia","status":"publish","type":"post","link":"https:\/\/sites.ecclesia.pt\/cv\/qual-o-doce-regional-de-cacia\/","title":{"rendered":"Qual o Doce Regional de Cacia?"},"content":{"rendered":"<p>A Junta de Freguesia de Cacia est\u00e1 a promover o concurso \u201cDoce Regional de Cacia\u201d, com o objectivo de sensibilizar a popula\u00e7\u00e3o para a import\u00e2ncia estrat\u00e9gica dos produtos end\u00f3genos, em especial o milho, ovos e seus derivados.<\/p>\n<p>O concurso vista tamb\u00e9m incentivar a inova\u00e7\u00e3o e o empreendedorismo ao n\u00edvel do aproveitamento daqueles produtos para a cria\u00e7\u00e3o de um doce ou bolo regional, bem como a eventual cria\u00e7\u00e3o de um produto de refer\u00eancia para a produ\u00e7\u00e3o intensiva e comercializa\u00e7\u00e3o, associada \u00e0 marca \u201cCacia\u201d, a exemplo do que j\u00e1 acontece noutros territ\u00f3rios com produtos como os \u201cOvos Moles de Aveiro\u201d e os \u201cPast\u00e9is de Tent\u00fagal\u201d.<\/p>\n<p>Os interessados, profissionais ou n\u00e3o, podem-se inscrever na sede da Junta de Freguesia, at\u00e9 ao dia 12 de Junho. Os vencedores receber\u00e3o um cabaz e um trof\u00e9u.<\/p>\n","protected":false},"excerpt":{"rendered":"<p>A Junta de Freguesia de Cacia est\u00e1 a promover o concurso \u201cDoce Regional de Cacia\u201d, com o objectivo de sensibilizar a popula\u00e7\u00e3o para a import\u00e2ncia estrat\u00e9gica dos produtos end\u00f3genos, em especial o milho, ovos e seus derivados. O concurso vista tamb\u00e9m incentivar a inova\u00e7\u00e3o e o empreendedorismo ao n\u00edvel do aproveitamento daqueles produtos para a [&hellip;]<\/p>\n","protected":false},"author":1,"featured_media":0,"comment_status":"open","ping_status":"open","sticky":false,"template":"","format":"standard","meta":{"footnotes":""},"categories":[45],"tags":[],"class_list":["post-15241","post","type-post","status-publish","format-standard","hentry","category-regioes"],"_links":{"self":[{"href":"https:\/\/sites.ecclesia.pt\/cv\/wp-json\/wp\/v2\/posts\/15241","targetHints":{"allow":["GET"]}}],"collection":[{"href":"https:\/\/sites.ecclesia.pt\/cv\/wp-json\/wp\/v2\/posts"}],"about":[{"href":"https:\/\/sites.ecclesia.pt\/cv\/wp-json\/wp\/v2\/types\/post"}],"author":[{"embeddable":true,"href":"https:\/\/sites.ecclesia.pt\/cv\/wp-json\/wp\/v2\/users\/1"}],"replies":[{"embeddable":true,"href":"https:\/\/sites.ecclesia.pt\/cv\/wp-json\/wp\/v2\/comments?post=15241"}],"version-history":[{"count":0,"href":"https:\/\/sites.ecclesia.pt\/cv\/wp-json\/wp\/v2\/posts\/15241\/revisions"}],"wp:attachment":[{"href":"https:\/\/sites.ecclesia.pt\/cv\/wp-json\/wp\/v2\/media?parent=15241"}],"wp:term":[{"taxonomy":"category","embeddable":true,"href":"https:\/\/sites.ecclesia.pt\/cv\/wp-json\/wp\/v2\/categories?post=15241"},{"taxonomy":"post_tag","embeddable":true,"href":"https:\/\/sites.ecclesia.pt\/cv\/wp-json\/wp\/v2\/tags?post=15241"}],"curies":[{"name":"wp","href":"https:\/\/api.w.org\/{rel}","templated":true}]}}