{"id":15242,"date":"2009-05-21T11:59:00","date_gmt":"2009-05-21T11:59:00","guid":{"rendered":"http:\/\/localhost:81\/wp1\/?p=15242"},"modified":"2009-05-21T11:59:00","modified_gmt":"2009-05-21T11:59:00","slug":"canil-de-aveiro-sem-condicoes","status":"publish","type":"post","link":"https:\/\/sites.ecclesia.pt\/cv\/canil-de-aveiro-sem-condicoes\/","title":{"rendered":"Canil de Aveiro sem condi\u00e7\u00f5es"},"content":{"rendered":"<p>Isabel Segad\u00e3es, dirigente da associa\u00e7\u00e3o de defesa dos animais Perdidos &#038; Achados\u201d denunciou as m\u00e1s condi\u00e7\u00f5es do canil de Aveiro, muito em especial no que se refere \u00e0s instala\u00e7\u00f5es. As afirma\u00e7\u00f5es foram feitas no decorrer de uma palestra sobre Direitos dos Animais, realizada na Reitoria da Universidade de Aveiro, por iniciativa da ORIGAMI \u2013 Comiss\u00e3o de Solidariedade da AAUAv.<\/p>\n<p>A dirigente da Perdidos e Achados real\u00e7ou tamb\u00e9m que \u201cAveiro nunca teve tradi\u00e7\u00f5es taurinas\u201d e, no entanto, desde h\u00e1 poucos anos come\u00e7ou a ser palco de touradas.<\/p>\n<p>Isabel Segad\u00e3es alertou os participantes para o facto de a zona da Universidade de Aveiro ser um \u201cdos centros de despejo de animais em Aveiro\u201d, \u00e1rea onde a sua associa\u00e7\u00e3o tem intervindo de forma decisiva na recolha, tratamento e alimenta\u00e7\u00e3o de c\u00e3es abandonados, ainda que alguns, devido ao estado de grande debilidade (feridos ou doentes) em que s\u00e3o encontrados, j\u00e1 n\u00e3o tenham qualquer hip\u00f3tese de salvamento, pelo que s\u00e3o anestesiados para terem um fim sem dor.<\/p>\n<p>No entanto, como reconheceu a dirigente da Perdidos &#038; Achados, nem tudo \u00e9 mau, uma vez que \u00e9 crescente o n\u00famero de jovens universit\u00e1rios que se oferecem para trabalhar voluntariamente com a associa\u00e7\u00e3o, bem como o exemplo de alguns alunos de uma escola secund\u00e1ria da cidade que est\u00e1 a fazer um trabalho volunt\u00e1rio excepcional no canil de Aveiro.<\/p>\n","protected":false},"excerpt":{"rendered":"<p>Isabel Segad\u00e3es, dirigente da associa\u00e7\u00e3o de defesa dos animais Perdidos &#038; Achados\u201d denunciou as m\u00e1s condi\u00e7\u00f5es do canil de Aveiro, muito em especial no que se refere \u00e0s instala\u00e7\u00f5es. As afirma\u00e7\u00f5es foram feitas no decorrer de uma palestra sobre Direitos dos Animais, realizada na Reitoria da Universidade de Aveiro, por iniciativa da ORIGAMI \u2013 Comiss\u00e3o [&hellip;]<\/p>\n","protected":false},"author":1,"featured_media":0,"comment_status":"open","ping_status":"open","sticky":false,"template":"","format":"standard","meta":{"footnotes":""},"categories":[45],"tags":[],"class_list":["post-15242","post","type-post","status-publish","format-standard","hentry","category-regioes"],"_links":{"self":[{"href":"https:\/\/sites.ecclesia.pt\/cv\/wp-json\/wp\/v2\/posts\/15242","targetHints":{"allow":["GET"]}}],"collection":[{"href":"https:\/\/sites.ecclesia.pt\/cv\/wp-json\/wp\/v2\/posts"}],"about":[{"href":"https:\/\/sites.ecclesia.pt\/cv\/wp-json\/wp\/v2\/types\/post"}],"author":[{"embeddable":true,"href":"https:\/\/sites.ecclesia.pt\/cv\/wp-json\/wp\/v2\/users\/1"}],"replies":[{"embeddable":true,"href":"https:\/\/sites.ecclesia.pt\/cv\/wp-json\/wp\/v2\/comments?post=15242"}],"version-history":[{"count":0,"href":"https:\/\/sites.ecclesia.pt\/cv\/wp-json\/wp\/v2\/posts\/15242\/revisions"}],"wp:attachment":[{"href":"https:\/\/sites.ecclesia.pt\/cv\/wp-json\/wp\/v2\/media?parent=15242"}],"wp:term":[{"taxonomy":"category","embeddable":true,"href":"https:\/\/sites.ecclesia.pt\/cv\/wp-json\/wp\/v2\/categories?post=15242"},{"taxonomy":"post_tag","embeddable":true,"href":"https:\/\/sites.ecclesia.pt\/cv\/wp-json\/wp\/v2\/tags?post=15242"}],"curies":[{"name":"wp","href":"https:\/\/api.w.org\/{rel}","templated":true}]}}