{"id":15355,"date":"2009-06-04T11:51:00","date_gmt":"2009-06-04T11:51:00","guid":{"rendered":"http:\/\/localhost:81\/wp1\/?p=15355"},"modified":"2009-06-04T11:51:00","modified_gmt":"2009-06-04T11:51:00","slug":"de-bicicleta-a-descoberta-do-patrimonio-de-aveiro","status":"publish","type":"post","link":"https:\/\/sites.ecclesia.pt\/cv\/de-bicicleta-a-descoberta-do-patrimonio-de-aveiro\/","title":{"rendered":"De bicicleta \u00e0 Descoberta do Patrim\u00f3nio de Aveiro"},"content":{"rendered":"<p>A Associa\u00e7\u00e3o de Antigos Alunos da Universidade de Aveiro (AAAUA) e a Associa\u00e7\u00e3o para o Estudo e Defesa do Patrim\u00f3nio Natural e Cultural da Regi\u00e3o de Aveiro (ADERAV) promovem, dia 7 de Junho, o \u00ab1\u00ba Bike-Paper &#8211; \u00c0 Descoberta do Patrim\u00f3nio de Aveiro\u00bb. As inscri\u00e7\u00f5es s\u00e3o gratuitas e terminam a 4 de Junho.<\/p>\n<p> O Bike-paper ter\u00e1 lugar no dia 7 de Junho, a partir das 09h30, e constitui uma actividade ciclotur\u00edstica, de recreio, que visa testar os conhecimentos dos participantes sobre a cultura local, bem como a sua capacidade de orienta\u00e7\u00e3o e improviso face \u00e0s dificuldades e desafios que o gui\u00e3o-question\u00e1rio ir\u00e1 suscitar.<\/p>\n<p>\u201cJ\u00e1 imaginou a quantidade pequenos detalhes, locais e pormenores, que fazem a identidade da cidade, mas que desconhece ou que, passando regularmente por eles, nunca lhes tinha dedicado o tempo que merecem?\u201d, pergunta a organiza\u00e7\u00e3o. A proposta \u00e9 passar uma manh\u00e3 diferente, descontra\u00edda e divertida, ao longo de seis quil\u00f3metros, entre familiares e amigos e testar os conhecimentos sobre o patrim\u00f3nio cultural de Aveiro.<\/p>\n<p>Mais informa\u00e7\u00f5es: www.aderav.com e www.aaaua.ua.pt e Junta de Freguesia da Gl\u00f3ria.<\/p>\n","protected":false},"excerpt":{"rendered":"<p>A Associa\u00e7\u00e3o de Antigos Alunos da Universidade de Aveiro (AAAUA) e a Associa\u00e7\u00e3o para o Estudo e Defesa do Patrim\u00f3nio Natural e Cultural da Regi\u00e3o de Aveiro (ADERAV) promovem, dia 7 de Junho, o \u00ab1\u00ba Bike-Paper &#8211; \u00c0 Descoberta do Patrim\u00f3nio de Aveiro\u00bb. As inscri\u00e7\u00f5es s\u00e3o gratuitas e terminam a 4 de Junho. O Bike-paper [&hellip;]<\/p>\n","protected":false},"author":1,"featured_media":0,"comment_status":"open","ping_status":"open","sticky":false,"template":"","format":"standard","meta":{"footnotes":""},"categories":[67],"tags":[],"class_list":["post-15355","post","type-post","status-publish","format-standard","hentry","category-ver-ouvir-sair"],"_links":{"self":[{"href":"https:\/\/sites.ecclesia.pt\/cv\/wp-json\/wp\/v2\/posts\/15355","targetHints":{"allow":["GET"]}}],"collection":[{"href":"https:\/\/sites.ecclesia.pt\/cv\/wp-json\/wp\/v2\/posts"}],"about":[{"href":"https:\/\/sites.ecclesia.pt\/cv\/wp-json\/wp\/v2\/types\/post"}],"author":[{"embeddable":true,"href":"https:\/\/sites.ecclesia.pt\/cv\/wp-json\/wp\/v2\/users\/1"}],"replies":[{"embeddable":true,"href":"https:\/\/sites.ecclesia.pt\/cv\/wp-json\/wp\/v2\/comments?post=15355"}],"version-history":[{"count":0,"href":"https:\/\/sites.ecclesia.pt\/cv\/wp-json\/wp\/v2\/posts\/15355\/revisions"}],"wp:attachment":[{"href":"https:\/\/sites.ecclesia.pt\/cv\/wp-json\/wp\/v2\/media?parent=15355"}],"wp:term":[{"taxonomy":"category","embeddable":true,"href":"https:\/\/sites.ecclesia.pt\/cv\/wp-json\/wp\/v2\/categories?post=15355"},{"taxonomy":"post_tag","embeddable":true,"href":"https:\/\/sites.ecclesia.pt\/cv\/wp-json\/wp\/v2\/tags?post=15355"}],"curies":[{"name":"wp","href":"https:\/\/api.w.org\/{rel}","templated":true}]}}