{"id":15357,"date":"2009-06-04T11:53:00","date_gmt":"2009-06-04T11:53:00","guid":{"rendered":"http:\/\/localhost:81\/wp1\/?p=15357"},"modified":"2009-06-04T11:53:00","modified_gmt":"2009-06-04T11:53:00","slug":"transforma-te-musical-dos-alunos-de-estarreja","status":"publish","type":"post","link":"https:\/\/sites.ecclesia.pt\/cv\/transforma-te-musical-dos-alunos-de-estarreja\/","title":{"rendered":"&#8220;Trans&#8217;forma-te&#8221; &#8211; musical dos alunos de Estarreja"},"content":{"rendered":"<p>O musical fala da uni\u00e3o que deve existir dentro de um grupo. Tudo come\u00e7a com uma turma dividida em diferentes grupos, que t\u00eam tend\u00eancia para criar conflitos entre si. O grupo da Associa\u00e7\u00e3o, pelo contr\u00e1rio, tenta sempre manter a uni\u00e3o. No grupo das \u201cTias\u201d, a l\u00edder tenta ao m\u00e1ximo dar um ar de superioridade sobre as restantes. No grupo dos Rebeldes, que representam tamb\u00e9m a equipa de basquetebol da escola, \u00e9 onde come\u00e7a sempre a confus\u00e3o. Na turma resta ainda aquela menina envergonhada, de olhar doce, que s\u00f3 quer ter amigos e acaba sempre por sofrer com tudo o que os outros lhe dizem e fazem. <\/p>\n<p>Mas tudo mudar\u00e1 quando a professora Carla (uma professora rezingona que anda sempre de mau humor) desistir da turma. Entra uma nova professora, a professora Sofia (sempre carinhosa e am\u00e1vel), que vai fazer os poss\u00edveis para transformar uma turma t\u00e3o conflituosa na mais unida poss\u00edvel.<\/p>\n<p>\u201cTrans\u2019forma-te\u201d, musical dos Alunos do Curso Profissional de Animador S\u00f3cio-Cultural da Escola Secund\u00e1ria de Estarreja, no Cine-Teatro de Estarreja, dia 4 de Junho, \u00e0s 21h30. Bilhetes a 3 euros.<\/p>\n","protected":false},"excerpt":{"rendered":"<p>O musical fala da uni\u00e3o que deve existir dentro de um grupo. Tudo come\u00e7a com uma turma dividida em diferentes grupos, que t\u00eam tend\u00eancia para criar conflitos entre si. O grupo da Associa\u00e7\u00e3o, pelo contr\u00e1rio, tenta sempre manter a uni\u00e3o. No grupo das \u201cTias\u201d, a l\u00edder tenta ao m\u00e1ximo dar um ar de superioridade sobre [&hellip;]<\/p>\n","protected":false},"author":1,"featured_media":0,"comment_status":"open","ping_status":"open","sticky":false,"template":"","format":"standard","meta":{"footnotes":""},"categories":[67],"tags":[],"class_list":["post-15357","post","type-post","status-publish","format-standard","hentry","category-ver-ouvir-sair"],"_links":{"self":[{"href":"https:\/\/sites.ecclesia.pt\/cv\/wp-json\/wp\/v2\/posts\/15357","targetHints":{"allow":["GET"]}}],"collection":[{"href":"https:\/\/sites.ecclesia.pt\/cv\/wp-json\/wp\/v2\/posts"}],"about":[{"href":"https:\/\/sites.ecclesia.pt\/cv\/wp-json\/wp\/v2\/types\/post"}],"author":[{"embeddable":true,"href":"https:\/\/sites.ecclesia.pt\/cv\/wp-json\/wp\/v2\/users\/1"}],"replies":[{"embeddable":true,"href":"https:\/\/sites.ecclesia.pt\/cv\/wp-json\/wp\/v2\/comments?post=15357"}],"version-history":[{"count":0,"href":"https:\/\/sites.ecclesia.pt\/cv\/wp-json\/wp\/v2\/posts\/15357\/revisions"}],"wp:attachment":[{"href":"https:\/\/sites.ecclesia.pt\/cv\/wp-json\/wp\/v2\/media?parent=15357"}],"wp:term":[{"taxonomy":"category","embeddable":true,"href":"https:\/\/sites.ecclesia.pt\/cv\/wp-json\/wp\/v2\/categories?post=15357"},{"taxonomy":"post_tag","embeddable":true,"href":"https:\/\/sites.ecclesia.pt\/cv\/wp-json\/wp\/v2\/tags?post=15357"}],"curies":[{"name":"wp","href":"https:\/\/api.w.org\/{rel}","templated":true}]}}