{"id":15360,"date":"2009-06-04T11:55:00","date_gmt":"2009-06-04T11:55:00","guid":{"rendered":"http:\/\/localhost:81\/wp1\/?p=15360"},"modified":"2009-06-04T11:55:00","modified_gmt":"2009-06-04T11:55:00","slug":"chocolate-um-serao-docinho-em-ilhavo","status":"publish","type":"post","link":"https:\/\/sites.ecclesia.pt\/cv\/chocolate-um-serao-docinho-em-ilhavo\/","title":{"rendered":"&#8220;Chocolate&#8221;, um ser\u00e3o docinho em \u00cdlhavo"},"content":{"rendered":"<p>\u201cChocolate\u201d, assim se chama o novo trabalho que marca o regresso da cantora Maria Jo\u00e3o e do pianista M\u00e1rio Laginha. Com \u201cChocolate\u201d \u00e9 privilegiada uma das suas influ\u00eancias mais fortes: o jazz. Este novo trabalho inclui temas originais, com m\u00fasicas de M\u00e1rio Laginha e letras de Maria Jo\u00e3o, e standards adaptados \u00e0 linguagem e ao estilo musical muito pr\u00f3prio da dupla. \u00c9 assumidamente \u201cjazzy\u201d, configurando uma esp\u00e9cie de regresso \u00e0s origens dos dois m\u00fasicos.<\/p>\n<p>\u201cChocolate\u201d \u2013 concerto de Maria Jo\u00e3o e M\u00e1rio Laginha, no Centro Cultural de \u00cdlhavo,  dia 6 de Junho, \u00e0s 21h30. Bilhetes a 10 euros.<\/p>\n","protected":false},"excerpt":{"rendered":"<p>\u201cChocolate\u201d, assim se chama o novo trabalho que marca o regresso da cantora Maria Jo\u00e3o e do pianista M\u00e1rio Laginha. Com \u201cChocolate\u201d \u00e9 privilegiada uma das suas influ\u00eancias mais fortes: o jazz. Este novo trabalho inclui temas originais, com m\u00fasicas de M\u00e1rio Laginha e letras de Maria Jo\u00e3o, e standards adaptados \u00e0 linguagem e ao [&hellip;]<\/p>\n","protected":false},"author":1,"featured_media":0,"comment_status":"open","ping_status":"open","sticky":false,"template":"","format":"standard","meta":{"footnotes":""},"categories":[67],"tags":[],"class_list":["post-15360","post","type-post","status-publish","format-standard","hentry","category-ver-ouvir-sair"],"_links":{"self":[{"href":"https:\/\/sites.ecclesia.pt\/cv\/wp-json\/wp\/v2\/posts\/15360","targetHints":{"allow":["GET"]}}],"collection":[{"href":"https:\/\/sites.ecclesia.pt\/cv\/wp-json\/wp\/v2\/posts"}],"about":[{"href":"https:\/\/sites.ecclesia.pt\/cv\/wp-json\/wp\/v2\/types\/post"}],"author":[{"embeddable":true,"href":"https:\/\/sites.ecclesia.pt\/cv\/wp-json\/wp\/v2\/users\/1"}],"replies":[{"embeddable":true,"href":"https:\/\/sites.ecclesia.pt\/cv\/wp-json\/wp\/v2\/comments?post=15360"}],"version-history":[{"count":0,"href":"https:\/\/sites.ecclesia.pt\/cv\/wp-json\/wp\/v2\/posts\/15360\/revisions"}],"wp:attachment":[{"href":"https:\/\/sites.ecclesia.pt\/cv\/wp-json\/wp\/v2\/media?parent=15360"}],"wp:term":[{"taxonomy":"category","embeddable":true,"href":"https:\/\/sites.ecclesia.pt\/cv\/wp-json\/wp\/v2\/categories?post=15360"},{"taxonomy":"post_tag","embeddable":true,"href":"https:\/\/sites.ecclesia.pt\/cv\/wp-json\/wp\/v2\/tags?post=15360"}],"curies":[{"name":"wp","href":"https:\/\/api.w.org\/{rel}","templated":true}]}}