{"id":15361,"date":"2009-06-04T11:56:00","date_gmt":"2009-06-04T11:56:00","guid":{"rendered":"http:\/\/localhost:81\/wp1\/?p=15361"},"modified":"2009-06-04T11:56:00","modified_gmt":"2009-06-04T11:56:00","slug":"exposicao-da-acav-na-galeria-da-misericordia","status":"publish","type":"post","link":"https:\/\/sites.ecclesia.pt\/cv\/exposicao-da-acav-na-galeria-da-misericordia\/","title":{"rendered":"Exposi\u00e7\u00e3o da ACAV na Galeria da Miseric\u00f3rdia"},"content":{"rendered":"<p>Na Galeria da Miseric\u00f3rdia est\u00e1 patente ao p\u00fablico uma exposi\u00e7\u00e3o de cer\u00e2mica art\u00edstica e azulejaria dos formandos da ACAV \u2013 Associa\u00e7\u00e3o Arte e Cultura de Aveiro.<\/p>\n<p>Na pintura de azulejos h\u00e1 trabalhos da autoria de Paula Barros, Gilberto Godinho, Eliseu Serrano, Valter Silva e Gisela Matzen \u2013 da Silva, todos eles alunos do curso ministrado pelo mestre Rui Campos<\/p>\n<p>Na cer\u00e2mica art\u00edstica, as pe\u00e7as s\u00e3o da autoria de Isabel Fonseca, Maria da Purifica\u00e7\u00e3o Barros, Norina Ca\u00e7oilo, Susana Rino, Maria Am\u00e9lia Abreu, Gisela Martzen \u2013 da Silva e Gl\u00f3ria Pai\u00e3o, alunas da formadora Maria Pedro.<\/p>\n","protected":false},"excerpt":{"rendered":"<p>Na Galeria da Miseric\u00f3rdia est\u00e1 patente ao p\u00fablico uma exposi\u00e7\u00e3o de cer\u00e2mica art\u00edstica e azulejaria dos formandos da ACAV \u2013 Associa\u00e7\u00e3o Arte e Cultura de Aveiro. Na pintura de azulejos h\u00e1 trabalhos da autoria de Paula Barros, Gilberto Godinho, Eliseu Serrano, Valter Silva e Gisela Matzen \u2013 da Silva, todos eles alunos do curso ministrado [&hellip;]<\/p>\n","protected":false},"author":1,"featured_media":0,"comment_status":"open","ping_status":"open","sticky":false,"template":"","format":"standard","meta":{"footnotes":""},"categories":[67],"tags":[],"class_list":["post-15361","post","type-post","status-publish","format-standard","hentry","category-ver-ouvir-sair"],"_links":{"self":[{"href":"https:\/\/sites.ecclesia.pt\/cv\/wp-json\/wp\/v2\/posts\/15361","targetHints":{"allow":["GET"]}}],"collection":[{"href":"https:\/\/sites.ecclesia.pt\/cv\/wp-json\/wp\/v2\/posts"}],"about":[{"href":"https:\/\/sites.ecclesia.pt\/cv\/wp-json\/wp\/v2\/types\/post"}],"author":[{"embeddable":true,"href":"https:\/\/sites.ecclesia.pt\/cv\/wp-json\/wp\/v2\/users\/1"}],"replies":[{"embeddable":true,"href":"https:\/\/sites.ecclesia.pt\/cv\/wp-json\/wp\/v2\/comments?post=15361"}],"version-history":[{"count":0,"href":"https:\/\/sites.ecclesia.pt\/cv\/wp-json\/wp\/v2\/posts\/15361\/revisions"}],"wp:attachment":[{"href":"https:\/\/sites.ecclesia.pt\/cv\/wp-json\/wp\/v2\/media?parent=15361"}],"wp:term":[{"taxonomy":"category","embeddable":true,"href":"https:\/\/sites.ecclesia.pt\/cv\/wp-json\/wp\/v2\/categories?post=15361"},{"taxonomy":"post_tag","embeddable":true,"href":"https:\/\/sites.ecclesia.pt\/cv\/wp-json\/wp\/v2\/tags?post=15361"}],"curies":[{"name":"wp","href":"https:\/\/api.w.org\/{rel}","templated":true}]}}