{"id":15362,"date":"2009-06-04T11:56:00","date_gmt":"2009-06-04T11:56:00","guid":{"rendered":"http:\/\/localhost:81\/wp1\/?p=15362"},"modified":"2009-06-04T11:56:00","modified_gmt":"2009-06-04T11:56:00","slug":"exposicoes-nas-galerias-dos-pacos-do-conselho-e-da-capitania","status":"publish","type":"post","link":"https:\/\/sites.ecclesia.pt\/cv\/exposicoes-nas-galerias-dos-pacos-do-conselho-e-da-capitania\/","title":{"rendered":"Exposi\u00e7\u00f5es nas galerias dos Pa\u00e7os do Conselho e da Capitania"},"content":{"rendered":"<p>Est\u00e3o patentes as exposi\u00e7\u00f5es \u201cManeirismo na Igreja da Miseric\u00f3rdia de Aveiro\u201d e \u201cCom os Olhos em \u00abL\u00bb\u201d , na Galeria dos Pa\u00e7os do Concelho e na Galeria da Capitania, respectivamente.<\/p>\n<p>A Exposi\u00e7\u00e3o \u201cManeirismo na Igreja da Miseric\u00f3rdia de Aveiro\u201d \u00e9 composta por fotografias, desenhos e pinturas dos alunos de Educa\u00e7\u00e3o Visual do 9.\u00ba ano, da Escola Secund\u00e1ria Dr. M\u00e1rio Sacramento, sob orienta\u00e7\u00e3o pedag\u00f3gica de Ac\u00e1cio Rodrigues, e pode ser vista at\u00e9 7 de Junho.<\/p>\n<p> \u201cCom os Olhos em \u00abL\u00bb\u201d, de Rita Reis, no \u00e2mbito do projecto \u201cMimotrapus\u201d, estar\u00e1 patente at\u00e9 21 de Junho.<\/p>\n","protected":false},"excerpt":{"rendered":"<p>Est\u00e3o patentes as exposi\u00e7\u00f5es \u201cManeirismo na Igreja da Miseric\u00f3rdia de Aveiro\u201d e \u201cCom os Olhos em \u00abL\u00bb\u201d , na Galeria dos Pa\u00e7os do Concelho e na Galeria da Capitania, respectivamente. A Exposi\u00e7\u00e3o \u201cManeirismo na Igreja da Miseric\u00f3rdia de Aveiro\u201d \u00e9 composta por fotografias, desenhos e pinturas dos alunos de Educa\u00e7\u00e3o Visual do 9.\u00ba ano, da [&hellip;]<\/p>\n","protected":false},"author":1,"featured_media":0,"comment_status":"open","ping_status":"open","sticky":false,"template":"","format":"standard","meta":{"footnotes":""},"categories":[67],"tags":[],"class_list":["post-15362","post","type-post","status-publish","format-standard","hentry","category-ver-ouvir-sair"],"_links":{"self":[{"href":"https:\/\/sites.ecclesia.pt\/cv\/wp-json\/wp\/v2\/posts\/15362","targetHints":{"allow":["GET"]}}],"collection":[{"href":"https:\/\/sites.ecclesia.pt\/cv\/wp-json\/wp\/v2\/posts"}],"about":[{"href":"https:\/\/sites.ecclesia.pt\/cv\/wp-json\/wp\/v2\/types\/post"}],"author":[{"embeddable":true,"href":"https:\/\/sites.ecclesia.pt\/cv\/wp-json\/wp\/v2\/users\/1"}],"replies":[{"embeddable":true,"href":"https:\/\/sites.ecclesia.pt\/cv\/wp-json\/wp\/v2\/comments?post=15362"}],"version-history":[{"count":0,"href":"https:\/\/sites.ecclesia.pt\/cv\/wp-json\/wp\/v2\/posts\/15362\/revisions"}],"wp:attachment":[{"href":"https:\/\/sites.ecclesia.pt\/cv\/wp-json\/wp\/v2\/media?parent=15362"}],"wp:term":[{"taxonomy":"category","embeddable":true,"href":"https:\/\/sites.ecclesia.pt\/cv\/wp-json\/wp\/v2\/categories?post=15362"},{"taxonomy":"post_tag","embeddable":true,"href":"https:\/\/sites.ecclesia.pt\/cv\/wp-json\/wp\/v2\/tags?post=15362"}],"curies":[{"name":"wp","href":"https:\/\/api.w.org\/{rel}","templated":true}]}}