{"id":15364,"date":"2009-06-04T12:01:00","date_gmt":"2009-06-04T12:01:00","guid":{"rendered":"http:\/\/localhost:81\/wp1\/?p=15364"},"modified":"2009-06-04T12:01:00","modified_gmt":"2009-06-04T12:01:00","slug":"a-espiritualidade-de-santa-margarida-maria-e-os-sacerdotes-dehonianos","status":"publish","type":"post","link":"https:\/\/sites.ecclesia.pt\/cv\/a-espiritualidade-de-santa-margarida-maria-e-os-sacerdotes-dehonianos\/","title":{"rendered":"A espiritualidade de Santa Margarida Maria e os sacerdotes dehonianos"},"content":{"rendered":"<p>O Pe. Dehon fundou os Sacerdotes do Cora\u00e7\u00e3o de Jesus (padres Dehonianos) \u201cpara corresponder aos apelos de Nosso Senhor em Paray-le-Monial\u201d. Neste artigo, o P.e Fernando Mendon\u00e7a, do Semin\u00e1rio de Esgueira  do Sagrado Cora\u00e7\u00e3o de Jesus, aborda aspectos da espiritualidade de Margarida Maria Alacoque, a prop\u00f3sito da visita das rel\u00edquias da santa francesa \u00e0 Diocese de Aveiro (ver p\u00e1g. 5 e 9).<\/p>\n<p>Santa Margarida Maria Alacoque teve a importante miss\u00e3o de divulgar o culto ao Cora\u00e7\u00e3o de Cristo, que, depois dela, entrou na piedade comum dos crist\u00e3os com aquela caracter\u00edstica de obla\u00e7\u00e3o reparadora e de imola\u00e7\u00e3o at\u00e9 ent\u00e3o reservada a algumas pessoas ou a grupos privilegiados. O conhecimento das suas revela\u00e7\u00f5es orientou a aten\u00e7\u00e3o dos fi\u00e9is para algumas verdades contidas na Revela\u00e7\u00e3o, tais como: Deus \u00e9 amor; o seu amor pelos homens, sensivelmente manifestado em Cristo Jesus, n\u00e3o s\u00f3 n\u00e3o \u00e9 correspondido, mas tamb\u00e9m \u00e9 recusado pelo pecado dos homens. \u00c9, pois, necess\u00e1rio, em Cristo e por Cristo, expiar esse pecado e reconciliar os homens no amor com o Pai e no amor entre eles. <\/p>\n<p>A espiritualidade de Santa Margarida Maria \u00e9 profundamente eucar\u00edstica. Jesus Cristo pediu-lhe, e pede a todos n\u00f3s, por meio dela, pr\u00e1ticas reparadoras, tais como a celebra\u00e7\u00e3o e participa\u00e7\u00e3o na Eucaristia, a Comunh\u00e3o eucar\u00edstica, a Adora\u00e7\u00e3o eucar\u00edstica, a Hora santa, para suscitar em muitas almas e durante muitos anos uma rica corrente de obla\u00e7\u00e3o reparadora. Estas pr\u00e1ticas foram assumi-das e recomendadas tamb\u00e9m pelo P. Dehon. O Fundador dos Sacerdotes do Cora\u00e7\u00e3o de Jesus \u2013 Dehonianos \u2013 escreveu no seu Di\u00e1rio: \u201cNascemos do esp\u00edrito de Santa Margarida Maria\u201d. E, no Direct\u00f3rio Espiritual para a Congrega\u00e7\u00e3o, afirma: \u00abA vida de amor e imola\u00e7\u00e3o, em uni\u00e3o ao Cora\u00e7\u00e3o de Jesus, \u00e9 a gra\u00e7a do tempo presente. Nosso Senhor, ap\u00f3s as revela\u00e7\u00f5es de Paray-le-Monial, conduz pouco a pouco as almas neste sentido\u2026 Quando esta gra\u00e7a estiver suficientemente difundida, ent\u00e3o h\u00e1-de realizar-se o reino do Cora\u00e7\u00e3o de Jesus nas almas. A profiss\u00e3o de amor e de imola\u00e7\u00e3o, que confere \u00e0 nossa Congrega\u00e7\u00e3o o seu car\u00e1cter espec\u00edfico, deve ser-nos muito querida. D\u00e1 resposta ao duplo pedido de Nosso Senhor a Santa Margarida Maria: \u00abD\u00e1-Me todas as tuas ac\u00e7\u00f5es e os teus m\u00e9ritos, para que Eu disponha deles segundo o agrado do meu Sagrado Cora\u00e7\u00e3o; s\u00ea uma v\u00edtima que se sacrifica ao meu Cora\u00e7\u00e3o para a realiza\u00e7\u00e3o dos meus des\u00edgnios. Esta profiss\u00e3o faz-nos reviver a caracter\u00edstica dominante da vida de Jesus: a obla\u00e7\u00e3o de amor\u00bb. \u00abTodo o ensinamento de Jesus, ao revelar a S. Margarida Maria o seu Cora\u00e7\u00e3o ferido e coroado de espinhos, se resume no esp\u00edrito de imola\u00e7\u00e3o por amor\u00bb. <\/p>\n<p>Na linha deste e de outros ensinamentos do Pe. Dehon, inspirados pela mensagem de Paray-le-Monial, as Constitui\u00e7\u00f5es da Congrega\u00e7\u00e3o afirmam: \u00abAo fundar a Congrega\u00e7\u00e3o dos Oblatos, Sacerdotes do Cora\u00e7\u00e3o de Jesus, o Padre Dehon quis que os seus membros unissem, de forma expl\u00edcita, a sua vida religiosa e apost\u00f3lica \u00e0 obla\u00e7\u00e3o reparadora de Cristo ao Pai pelos homens. Esta foi a sua inten\u00e7\u00e3o espec\u00edfica e origin\u00e1ria e a \u00edndole pr\u00f3pria do Instituto (cf. LG e PC), o servi\u00e7o que \u00e9 chamado a prestar \u00e0 Igreja. Conforme dizia o pr\u00f3prio Padre Dehon: \u201cNestas palavras: Eis-me aqui&#8230; Eis a serva&#8230;, encerram-se toda a nossa voca\u00e7\u00e3o, a nossa finalidade, o nosso dever, as nossas promessas\u201d\u00bb.<\/p>\n<p>A obla\u00e7\u00e3o de amor, at\u00e9 \u00e0 imola\u00e7\u00e3o, alma do carisma dehoniano, tem como objectivo a Repara\u00e7\u00e3o, cujo \u201ccentro\u201d \u00e9 o Calv\u00e1rio e, mais especificamente, o mist\u00e9rio do Lado trespassado do Senhor. A Repara\u00e7\u00e3o \u00e9 obra de Deus, em Jesus Cristo morto e ressuscitado. \u201cReparar\u201d, para os Dehonianos, \u00e9 \u201cconvers\u00e3o\u201d a esse mist\u00e9rio, \u00e9 o olhar de f\u00e9 e de dor sobre o Trespassado: \u00abH\u00e3o-de olhar para aquele que trespassaram\u00bb (Jo 19, 37), para acolher o Esp\u00edrito que brota do Lado trespassado (cf. Jo 19, 34), para corresponder ao amor de Cristo (cf. Jo 15, 9), para viver em comunh\u00e3o no seu amor pelo Pai (cf. Gl 4, 6), para cooperar na obra da reden\u00e7\u00e3o de Cristo no cora\u00e7\u00e3o do mundo, por meio do Esp\u00edrito, de Quem somos \u201cministros\u201d (2 Cor 3, 6). Passa-se de uma perspectiva, pelo menos aparentemente, devocional e cultual (exerc\u00edcios de piedade: missa e comunh\u00e3o reparadora, primeiras sextas-feiras do m\u00eas, hora santa, adora\u00e7\u00e3o eucar\u00edstica, m\u00eas de Junho, festa do Cora\u00e7\u00e3o de Jesus, etc.) para uma perspectiva mais global: uni\u00e3o da nossa vida \u00e0 \u00abobla\u00e7\u00e3o reparadora de Cristo\u00bb, para fazer de toda a nossa exist\u00eancia \u201cuma missa permanente\u201d (Constitui\u00e7\u00e3o 5 e 6). As pr\u00e1ticas de piedade, recomendadas por Santa Margarida Maria s\u00e3o integradas e aprofundadas numa perspectiva mais global. Mas n\u00e3o podem ser desprezadas, porque, se tal acontecer, acaba-se por esquecer a Repara\u00e7\u00e3o.<\/p>\n<p>O Pe. Dehon fundou a sua Congrega\u00e7\u00e3o \u00abpara corresponder aos apelos de Nosso Senhor em Paray-le-Monial\u00bb. Mas, guiado pela pr\u00f3pria Santa Margarida Maria, chegou ao Novo Testamento, particularmente a S. Jo\u00e3o evangelista, que foi o seu verdadeiro iniciador e educador na aten\u00e7\u00e3o ao Cora\u00e7\u00e3o de Jesus. Impulsionado pelos ensinamentos do Papa Le\u00e3o XIII, deu \u00e0 devo\u00e7\u00e3o tradicional ao Cora\u00e7\u00e3o de Jesus uma dimens\u00e3o social importante: \u00abPossu\u00eddo pelo amor de Cristo, que n\u00e3o \u00e9 acolhido\u00bb, quis corresponde-lhe \u00abcom uma uni\u00e3o \u00edntima ao seu Cora\u00e7\u00e3o e com a instaura\u00e7\u00e3o do seu Reino nas almas e nas sociedades\u00bb (Constitui\u00e7\u00e3o 4). <\/p>\n<p>Apostolado Social<\/p>\n<p>No seu Di\u00e1rio, o Fundador evoca algumas obras de apostolado social. Em S. Quintino: o Patronato de S. Jos\u00e9, o Col\u00e9gio de S. Jo\u00e3o, a assist\u00eancia religiosa aos oper\u00e1rios das f\u00e1bricas de Le\u00e3o Harmel, em Val-des-Bois. Na diocese de Soissons: o apostolado social e a prega\u00e7\u00e3o de miss\u00f5es populares. Recorda especialmente duas obras de apostolado geral que devem ser continuadas pelos seus religiosos: \u00aba primeira: conduzir os sacerdotes e os fi\u00e9is ao Cora\u00e7\u00e3o de Jesus, para Lhe oferecer um tributo quotidiano de adora\u00e7\u00e3o e de amor\u00bb; a segunda: o compromisso de elevar as condi\u00e7\u00f5es de vida das massas populares, \u00abcom o advento da justi\u00e7a e da caridade\u00bb. O zelo do Pe. Dehon pelo apostolado social, inspirado pela contempla\u00e7\u00e3o do Lado aberto e do Cora\u00e7\u00e3o de Cristo, levou-o tamb\u00e9m a fundar uma revista e a escrever numerosos livros para a divulga\u00e7\u00e3o da doutrina social da Igreja, a organizar congressos para a forma\u00e7\u00e3o dos seminaristas, dos padres, dos empres\u00e1rios e dos pr\u00f3prios trabalhadores nessa doutrina. As actuais Constitui\u00e7\u00f5es do Instituto concluem: a Congrega\u00e7\u00e3o \u00ab\u00e9 chamada a fazer frutificar esse carisma, segundo as exig\u00eancias da Igreja e do mundo\u00bb.<\/p>\n<p>P.e Fernando Fonseca, S.C.J.<\/p>\n","protected":false},"excerpt":{"rendered":"<p>O Pe. Dehon fundou os Sacerdotes do Cora\u00e7\u00e3o de Jesus (padres Dehonianos) \u201cpara corresponder aos apelos de Nosso Senhor em Paray-le-Monial\u201d. Neste artigo, o P.e Fernando Mendon\u00e7a, do Semin\u00e1rio de Esgueira do Sagrado Cora\u00e7\u00e3o de Jesus, aborda aspectos da espiritualidade de Margarida Maria Alacoque, a prop\u00f3sito da visita das rel\u00edquias da santa francesa \u00e0 Diocese [&hellip;]<\/p>\n","protected":false},"author":1,"featured_media":0,"comment_status":"open","ping_status":"open","sticky":false,"template":"","format":"standard","meta":{"footnotes":""},"categories":[38],"tags":[],"class_list":["post-15364","post","type-post","status-publish","format-standard","hentry","category-destaque"],"_links":{"self":[{"href":"https:\/\/sites.ecclesia.pt\/cv\/wp-json\/wp\/v2\/posts\/15364","targetHints":{"allow":["GET"]}}],"collection":[{"href":"https:\/\/sites.ecclesia.pt\/cv\/wp-json\/wp\/v2\/posts"}],"about":[{"href":"https:\/\/sites.ecclesia.pt\/cv\/wp-json\/wp\/v2\/types\/post"}],"author":[{"embeddable":true,"href":"https:\/\/sites.ecclesia.pt\/cv\/wp-json\/wp\/v2\/users\/1"}],"replies":[{"embeddable":true,"href":"https:\/\/sites.ecclesia.pt\/cv\/wp-json\/wp\/v2\/comments?post=15364"}],"version-history":[{"count":0,"href":"https:\/\/sites.ecclesia.pt\/cv\/wp-json\/wp\/v2\/posts\/15364\/revisions"}],"wp:attachment":[{"href":"https:\/\/sites.ecclesia.pt\/cv\/wp-json\/wp\/v2\/media?parent=15364"}],"wp:term":[{"taxonomy":"category","embeddable":true,"href":"https:\/\/sites.ecclesia.pt\/cv\/wp-json\/wp\/v2\/categories?post=15364"},{"taxonomy":"post_tag","embeddable":true,"href":"https:\/\/sites.ecclesia.pt\/cv\/wp-json\/wp\/v2\/tags?post=15364"}],"curies":[{"name":"wp","href":"https:\/\/api.w.org\/{rel}","templated":true}]}}