{"id":15366,"date":"2009-06-04T12:04:00","date_gmt":"2009-06-04T12:04:00","guid":{"rendered":"http:\/\/localhost:81\/wp1\/?p=15366"},"modified":"2009-06-04T12:04:00","modified_gmt":"2009-06-04T12:04:00","slug":"os-festejos-e-o-tacho","status":"publish","type":"post","link":"https:\/\/sites.ecclesia.pt\/cv\/os-festejos-e-o-tacho\/","title":{"rendered":"Os festejos e o tacho"},"content":{"rendered":"<p>Ponta de Lan\u00e7a <!--more--> V\u00eam na melhor altura! S\u00e3o festas aqui e ali.<\/p>\n<p>O m\u00eas de Junho \u00e9 o ar\u00edete. A partir dele entramos no centro da actividade. E que actividade?!<\/p>\n<p>Ainda bem! O Ver\u00e3o, promissor na apari\u00e7\u00e3o, ajuda, normalmente, a sair da \u201ccrise\u201d an\u00edmica que o ar sonolento, do Outono e Inverno, provoca nas pessoas, nas rela\u00e7\u00f5es, nas op\u00e7\u00f5es, na vida!<\/p>\n<p>As festas populares s\u00e3o as mais pr\u00f3ximas; e este ano v\u00e3o muito para al\u00e9m do tradicional e soalheiro Junho.<\/p>\n<p>At\u00e9 ao dia sete, temos a campanha para as elei\u00e7\u00f5es europeias. Depois sucedem-se os dias dedicados aos Santos Ant\u00f3nio, Tiago, Jo\u00e3o, Pedro. Sempre assim at\u00e9 Dezembro, incluindo j\u00e1 as elei\u00e7\u00f5es legislativas.<\/p>\n<p>Inclu\u00edmos as elei\u00e7\u00f5es neste calend\u00e1rio festivo porque estes actos t\u00eam de ser, face aos n\u00fameros previstos de absten\u00e7\u00e3o, ainda mais pr\u00f3ximos das pessoas. <\/p>\n<p>\u00c9 importante passar do lavadouro (da roupa suja) para a explica\u00e7\u00e3o pr\u00f3xima do que est\u00e3o em causa. <\/p>\n<p>Parece que ningu\u00e9m acredita na democracia, nem no exerc\u00edcio do poder \u201cdelegado\u201d pelo voto das pessoas. <\/p>\n<p>Quem se candidata passo o tempo de antena a falar do advers\u00e1rio. Quem os ouve acho que s\u00e3o todos iguais, \u201co que querem \u00e9 tacho\u201d \u2013 concluem os eleitores de forma sistem\u00e1tica.<\/p>\n<p>Assim, \u00e9 dif\u00edcil a participa\u00e7\u00e3o coerente, s\u00e9ria, construtiva. Mesmo os grupos informais de participa\u00e7\u00e3o c\u00edvica funcionam mais como grupos de press\u00e3o sobre os poderes; algumas vezes por reac\u00e7\u00e3o \u00e0 falta do \u201csubsidiozito\u201d ou, pela denuncia, falar das causas do que movimentos de eleva\u00e7\u00e3o e proposta de dinamiza\u00e7\u00e3o da sociedade e das pessoas.<\/p>\n<p>Depois, quando se exercer qualquer responsabilidade p\u00fablica ou privada sabe-se que n\u00e3o \u00e9 poss\u00edvel saldar todas as promessas, quanto mais n\u00e3o seja porque h\u00e1 a velha justi\u00e7a de Salom\u00e3o, um pouco distorcida: \u201cpara dar a uns tenho de dar a outros\u201d! O princ\u00edpio da equidade \u00e9 mat\u00e9ria dif\u00edcil de compreender e, muito menos, de aceitar!<\/p>\n<p>Portanto, se \u00e9 \u00e0 volta de mesa que muita vida se resolve\u2026 siga a festa, rija (com trauliteiros \u00e0 direita e \u00e0 esquerda), como conv\u00e9m, o importante \u00e9 o tacho!?<\/p>\n<p>Entretanto, \u00e9 importante valorizar que queira propor alguma dieta! Novas ideias, novos projectos para as pessoas, para o futuro. \u00c9 preciso acreditar e fazer acreditar que h\u00e1 coisas s\u00e9rias na vida.<\/p>\n<p>Desportivamente\u2026<\/p>\n<p>&#8230;pelo desporto!<\/p>\n","protected":false},"excerpt":{"rendered":"<p>Ponta de Lan\u00e7a<\/p>\n","protected":false},"author":1,"featured_media":0,"comment_status":"open","ping_status":"open","sticky":false,"template":"","format":"standard","meta":{"footnotes":""},"categories":[62],"tags":[],"class_list":["post-15366","post","type-post","status-publish","format-standard","hentry","category-opiniao"],"_links":{"self":[{"href":"https:\/\/sites.ecclesia.pt\/cv\/wp-json\/wp\/v2\/posts\/15366","targetHints":{"allow":["GET"]}}],"collection":[{"href":"https:\/\/sites.ecclesia.pt\/cv\/wp-json\/wp\/v2\/posts"}],"about":[{"href":"https:\/\/sites.ecclesia.pt\/cv\/wp-json\/wp\/v2\/types\/post"}],"author":[{"embeddable":true,"href":"https:\/\/sites.ecclesia.pt\/cv\/wp-json\/wp\/v2\/users\/1"}],"replies":[{"embeddable":true,"href":"https:\/\/sites.ecclesia.pt\/cv\/wp-json\/wp\/v2\/comments?post=15366"}],"version-history":[{"count":0,"href":"https:\/\/sites.ecclesia.pt\/cv\/wp-json\/wp\/v2\/posts\/15366\/revisions"}],"wp:attachment":[{"href":"https:\/\/sites.ecclesia.pt\/cv\/wp-json\/wp\/v2\/media?parent=15366"}],"wp:term":[{"taxonomy":"category","embeddable":true,"href":"https:\/\/sites.ecclesia.pt\/cv\/wp-json\/wp\/v2\/categories?post=15366"},{"taxonomy":"post_tag","embeddable":true,"href":"https:\/\/sites.ecclesia.pt\/cv\/wp-json\/wp\/v2\/tags?post=15366"}],"curies":[{"name":"wp","href":"https:\/\/api.w.org\/{rel}","templated":true}]}}