{"id":15367,"date":"2009-06-04T12:05:00","date_gmt":"2009-06-04T12:05:00","guid":{"rendered":"http:\/\/localhost:81\/wp1\/?p=15367"},"modified":"2009-06-04T12:05:00","modified_gmt":"2009-06-04T12:05:00","slug":"na-imprensa-81","status":"publish","type":"post","link":"https:\/\/sites.ecclesia.pt\/cv\/na-imprensa-81\/","title":{"rendered":"Na imprensa"},"content":{"rendered":"<p>A Europa pode estar \u00e0 dist\u00e2ncia de uma frase no Twitter, mas est\u00e1 cada vez mais longe dos portugueses.<\/p>\n<p>Fernando Sobral<\/p>\n<p>Jornal de Neg\u00f3cios, 27-05-2009<\/p>\n<p>N\u00e3o \u00e9 dif\u00edcil prognosticar que a absten\u00e7\u00e3o nestas Europeias ser\u00e1 muito grande. (\u2026) Um pa\u00eds em crise n\u00e3o pode divorciar-se da pol\u00edtica, mas s\u00e3o os pol\u00edticos, com a sua inac\u00e7\u00e3o e mediocridade, que fomentam esse div\u00f3rcio.<\/p>\n<p>Jos\u00e9 Leite Pereira<\/p>\n<p>Jornal de Not\u00edcias, 27-05-2009<\/p>\n<p>Submetida \u00e0 racionalidade instrumental, a sociedade moderna criou a ilus\u00e3o da omnipot\u00eancia e da possibilidade da elimina\u00e7\u00e3o de todo o mal.<\/p>\n<p>Anselmo Borges<\/p>\n<p>Di\u00e1rio de Not\u00edcias, 30-05-2009<\/p>\n<p>O principal inimigo da liberdade \u00e9 a intoler\u00e2ncia. E esta reveste-se hoje de v\u00e1rias formas. Uma delas \u00e9 condicionar a comunica\u00e7\u00e3o social.<\/p>\n<p>Henrique Monteiro<\/p>\n<p>Expresso, 30-05-2009<\/p>\n<p>\u00c9 verdade que os n\u00fameros [do Banco Alimentar] s\u00e3o impressionantes. Os milhares de toneladas de alimentos. Os milh\u00f5es de objectos. A rapidez de distribui\u00e7\u00e3o. A prontid\u00e3o quotidiana. As centenas de milhares de beneficiados. As centenas de institui\u00e7\u00f5es. A organiza\u00e7\u00e3o e a efici\u00eancia. Mas o que realmente impressiona \u00e9 o n\u00famero de volunt\u00e1rios. E o esp\u00edrito que os anima. Religioso ou n\u00e3o. Em miss\u00e3o ou em festa, \u00e9 f\u00e1cil estar uma horas num supermercado a receber d\u00e1divas. Mas \u00e9 preciso ir. \u00c9 divertido passar uma noite a separar latas e embrulhar pacotes. Mas \u00e9 preciso faz\u00ea-lo. Mais ainda, passar um ano, todos os dias, a fazer e distribuir embrulhos! Um ano, quase todos os dias a entregar alimentos a doentes, velhos, pobres e sem-abrigo! Os homens s\u00e3o capazes de tudo. At\u00e9 de fazer o bem.<\/p>\n<p>Ant\u00f3nio Barreto<\/p>\n<p>P\u00fablico, 31-05-2009<\/p>\n","protected":false},"excerpt":{"rendered":"<p>A Europa pode estar \u00e0 dist\u00e2ncia de uma frase no Twitter, mas est\u00e1 cada vez mais longe dos portugueses. Fernando Sobral Jornal de Neg\u00f3cios, 27-05-2009 N\u00e3o \u00e9 dif\u00edcil prognosticar que a absten\u00e7\u00e3o nestas Europeias ser\u00e1 muito grande. (\u2026) Um pa\u00eds em crise n\u00e3o pode divorciar-se da pol\u00edtica, mas s\u00e3o os pol\u00edticos, com a sua inac\u00e7\u00e3o [&hellip;]<\/p>\n","protected":false},"author":1,"featured_media":0,"comment_status":"open","ping_status":"open","sticky":false,"template":"","format":"standard","meta":{"footnotes":""},"categories":[62],"tags":[],"class_list":["post-15367","post","type-post","status-publish","format-standard","hentry","category-opiniao"],"_links":{"self":[{"href":"https:\/\/sites.ecclesia.pt\/cv\/wp-json\/wp\/v2\/posts\/15367","targetHints":{"allow":["GET"]}}],"collection":[{"href":"https:\/\/sites.ecclesia.pt\/cv\/wp-json\/wp\/v2\/posts"}],"about":[{"href":"https:\/\/sites.ecclesia.pt\/cv\/wp-json\/wp\/v2\/types\/post"}],"author":[{"embeddable":true,"href":"https:\/\/sites.ecclesia.pt\/cv\/wp-json\/wp\/v2\/users\/1"}],"replies":[{"embeddable":true,"href":"https:\/\/sites.ecclesia.pt\/cv\/wp-json\/wp\/v2\/comments?post=15367"}],"version-history":[{"count":0,"href":"https:\/\/sites.ecclesia.pt\/cv\/wp-json\/wp\/v2\/posts\/15367\/revisions"}],"wp:attachment":[{"href":"https:\/\/sites.ecclesia.pt\/cv\/wp-json\/wp\/v2\/media?parent=15367"}],"wp:term":[{"taxonomy":"category","embeddable":true,"href":"https:\/\/sites.ecclesia.pt\/cv\/wp-json\/wp\/v2\/categories?post=15367"},{"taxonomy":"post_tag","embeddable":true,"href":"https:\/\/sites.ecclesia.pt\/cv\/wp-json\/wp\/v2\/tags?post=15367"}],"curies":[{"name":"wp","href":"https:\/\/api.w.org\/{rel}","templated":true}]}}