{"id":15368,"date":"2009-06-04T12:06:00","date_gmt":"2009-06-04T12:06:00","guid":{"rendered":"http:\/\/localhost:81\/wp1\/?p=15368"},"modified":"2009-06-04T12:06:00","modified_gmt":"2009-06-04T12:06:00","slug":"03-de-junho-em-aveiro-ao-longo-da-historia","status":"publish","type":"post","link":"https:\/\/sites.ecclesia.pt\/cv\/03-de-junho-em-aveiro-ao-longo-da-historia\/","title":{"rendered":"03 de Junho, em Aveiro, ao longo da hist\u00f3ria"},"content":{"rendered":"<p>1882 \u2014 Foi concedido, por lei, o bronze necess\u00e1rio para fundir a est\u00e1tua do grande tribuno Jos\u00e9 Est\u00eav\u00e3o Coelho de Magalh\u00e3es, a erigir em Aveiro.<\/p>\n<p>1888 \u2014 Por proposta de Fernando de Vilhena, a assembleia-geral do Asilo de Jos\u00e9 Est\u00eav\u00e3o resolveu a fus\u00e3o desta casa de caridade com o Asilo-Escola Distrital.<\/p>\n<p>1904 \u2014 Nasceu Dr. Ant\u00f3nio de Almeida Silva e Cristo, advogado, orador, publicista e divulgador da hist\u00f3ria local.<\/p>\n<p>1918 \u2014 Iniciaram-se os trabalhos da abertura da avenida que, partindo da esta\u00e7\u00e3o do caminho-de-ferro, viria a terminar na ponte-pra\u00e7a, porque n\u00e3o fora avante o projecto inicial que a levava at\u00e9 ao Rossio.<\/p>\n<p>1972 \u2014 No Sal\u00e3o Municipal de Cultura foi inaugurada uma curiosa e interessante exposi\u00e7\u00e3o de cento e dezassete edi\u00e7\u00f5es de Os Lus\u00edadas propriedade do bibli\u00f3grafo Eng. Francisco Manuel Alvelos; a mostra prolongou-se at\u00e9 ao dia 10.<\/p>\n<p>Fonte: \u201cCalend\u00e1rio Hist\u00f3rico de Aveiro\u201d, de Ant\u00f3nio Christo e Jo\u00e3o Gon\u00e7alves Gaspar.<\/p>\n","protected":false},"excerpt":{"rendered":"<p>1882 \u2014 Foi concedido, por lei, o bronze necess\u00e1rio para fundir a est\u00e1tua do grande tribuno Jos\u00e9 Est\u00eav\u00e3o Coelho de Magalh\u00e3es, a erigir em Aveiro. 1888 \u2014 Por proposta de Fernando de Vilhena, a assembleia-geral do Asilo de Jos\u00e9 Est\u00eav\u00e3o resolveu a fus\u00e3o desta casa de caridade com o Asilo-Escola Distrital. 1904 \u2014 Nasceu Dr. [&hellip;]<\/p>\n","protected":false},"author":1,"featured_media":0,"comment_status":"open","ping_status":"open","sticky":false,"template":"","format":"standard","meta":{"footnotes":""},"categories":[56],"tags":[],"class_list":["post-15368","post","type-post","status-publish","format-standard","hentry","category-almanaque"],"_links":{"self":[{"href":"https:\/\/sites.ecclesia.pt\/cv\/wp-json\/wp\/v2\/posts\/15368","targetHints":{"allow":["GET"]}}],"collection":[{"href":"https:\/\/sites.ecclesia.pt\/cv\/wp-json\/wp\/v2\/posts"}],"about":[{"href":"https:\/\/sites.ecclesia.pt\/cv\/wp-json\/wp\/v2\/types\/post"}],"author":[{"embeddable":true,"href":"https:\/\/sites.ecclesia.pt\/cv\/wp-json\/wp\/v2\/users\/1"}],"replies":[{"embeddable":true,"href":"https:\/\/sites.ecclesia.pt\/cv\/wp-json\/wp\/v2\/comments?post=15368"}],"version-history":[{"count":0,"href":"https:\/\/sites.ecclesia.pt\/cv\/wp-json\/wp\/v2\/posts\/15368\/revisions"}],"wp:attachment":[{"href":"https:\/\/sites.ecclesia.pt\/cv\/wp-json\/wp\/v2\/media?parent=15368"}],"wp:term":[{"taxonomy":"category","embeddable":true,"href":"https:\/\/sites.ecclesia.pt\/cv\/wp-json\/wp\/v2\/categories?post=15368"},{"taxonomy":"post_tag","embeddable":true,"href":"https:\/\/sites.ecclesia.pt\/cv\/wp-json\/wp\/v2\/tags?post=15368"}],"curies":[{"name":"wp","href":"https:\/\/api.w.org\/{rel}","templated":true}]}}