{"id":15369,"date":"2009-06-04T12:06:00","date_gmt":"2009-06-04T12:06:00","guid":{"rendered":"http:\/\/localhost:81\/wp1\/?p=15369"},"modified":"2009-06-04T12:06:00","modified_gmt":"2009-06-04T12:06:00","slug":"27-maravilhas-portuguesas-no-mundo","status":"publish","type":"post","link":"https:\/\/sites.ecclesia.pt\/cv\/27-maravilhas-portuguesas-no-mundo\/","title":{"rendered":"27 Maravilhas Portuguesas no Mundo"},"content":{"rendered":"<p>Elei\u00e7\u00e3o <!--more--> No dia 10 de Junho ser\u00e3o divulgadas as 7 Maravilhas Portuguesas no Mundo. At\u00e9 7 de Junho ainda \u00e9 poss\u00edvel participar na escolha (www.7maravilhas.sapo.pt). Aqui fica a lista das 27 concorrentes.<\/p>\n<p>\u00c1frica<\/p>\n<p>&#8211; Angola \u2013 Luanda \u2013 Convento do Carmo<\/p>\n<p>&#8211; Cabo Verde \u2013 Cidade Velha de Santiago<\/p>\n<p>&#8211; Eti\u00f3pia \u2013 Gorgora Nova<\/p>\n<p>&#8211; Gana \u2013 S. Jorge da Mina<\/p>\n<p>&#8211; Marrocos \u2013 Cidade Fortificada de Mazag\u00e3o<\/p>\n<p>&#8211; Marrocos \u2013 Fortaleza de Safi<\/p>\n<p>&#8211; Mo\u00e7ambique \u2013 Ilha de Mo\u00e7ambique<\/p>\n<p>&#8211; Qu\u00e9nia \u2013 Momba\u00e7a \u2013 Fortaleza de Jesus<\/p>\n<p>&#8211; Tanz\u00e2nia \u2013 Forte de Quiloa<\/p>\n<p>Am\u00e9rica<\/p>\n<p>&#8211; Brasil \u2013 Congonhas \u2013 Santu\u00e1rio do Bom Jesus de Matosinhos<\/p>\n<p>&#8211; Brasil \u2013 Olinda \u2013 Mosteiro de S. Bento<\/p>\n<p>&#8211; Brasil \u2013 Ouro Preto \u2013 Igreja de S. Francisco de Assis da Penit\u00eancia<\/p>\n<p>&#8211; Brasil \u2013 Recife \u2013 Convento de Sto. Ant\u00f3nio e Ordem Terceira<\/p>\n<p>&#8211; Brasil \u2013 Rio de Janeiro \u2013 Mosteiro de S. Bento<\/p>\n<p>&#8211; Brasil \u2013 Rond\u00f3nia \u2013 Fortaleza de Pr\u00edncipe da Beira<\/p>\n<p>&#8211; Brasil \u2013 S. Salvador da Ba\u00eda \u2013 Mosteiro e Ordem Terceira de S. Francisco<\/p>\n<p>&#8211; Uruguai \u2013 Centro Hist\u00f3rico e Col\u00f3nia do Sacramento<\/p>\n<p>\u00c1sia<\/p>\n<p>&#8211; Bahrain \u2013 Fortaleza de Qal\u2019at al-Bahrain<\/p>\n<p>&#8211; China \u2013 Macau \u2013 Ru\u00ednas de S. Paulo<\/p>\n<p>&#8211; \u00cdndia \u2013 Cidade de Ba\u00e7aim<\/p>\n<p>&#8211; \u00cdndia \u2013 Cidade de Dam\u00e3o Grande<\/p>\n<p>&#8211; \u00cdndia \u2013 Fortaleza de Diu<\/p>\n<p>&#8211; \u00cdndia \u2013 Goa \u2013 Bas\u00edlica do Bom Jesus<\/p>\n<p>&#8211; \u00cdndia \u2013 Goa \u2013 S\u00e9<\/p>\n<p>&#8211; Ir\u00e3o \u2013 Fortaleza de Ormuz<\/p>\n<p>&#8211; Mal\u00e1sia \u2013 Centro Hist\u00f3rico de Malaca<\/p>\n<p>&#8211; Oman \u2013 Fortifica\u00e7\u00e3o de Mascate<\/p>\n","protected":false},"excerpt":{"rendered":"<p>Elei\u00e7\u00e3o<\/p>\n","protected":false},"author":1,"featured_media":0,"comment_status":"open","ping_status":"open","sticky":false,"template":"","format":"standard","meta":{"footnotes":""},"categories":[56],"tags":[],"class_list":["post-15369","post","type-post","status-publish","format-standard","hentry","category-almanaque"],"_links":{"self":[{"href":"https:\/\/sites.ecclesia.pt\/cv\/wp-json\/wp\/v2\/posts\/15369","targetHints":{"allow":["GET"]}}],"collection":[{"href":"https:\/\/sites.ecclesia.pt\/cv\/wp-json\/wp\/v2\/posts"}],"about":[{"href":"https:\/\/sites.ecclesia.pt\/cv\/wp-json\/wp\/v2\/types\/post"}],"author":[{"embeddable":true,"href":"https:\/\/sites.ecclesia.pt\/cv\/wp-json\/wp\/v2\/users\/1"}],"replies":[{"embeddable":true,"href":"https:\/\/sites.ecclesia.pt\/cv\/wp-json\/wp\/v2\/comments?post=15369"}],"version-history":[{"count":0,"href":"https:\/\/sites.ecclesia.pt\/cv\/wp-json\/wp\/v2\/posts\/15369\/revisions"}],"wp:attachment":[{"href":"https:\/\/sites.ecclesia.pt\/cv\/wp-json\/wp\/v2\/media?parent=15369"}],"wp:term":[{"taxonomy":"category","embeddable":true,"href":"https:\/\/sites.ecclesia.pt\/cv\/wp-json\/wp\/v2\/categories?post=15369"},{"taxonomy":"post_tag","embeddable":true,"href":"https:\/\/sites.ecclesia.pt\/cv\/wp-json\/wp\/v2\/tags?post=15369"}],"curies":[{"name":"wp","href":"https:\/\/api.w.org\/{rel}","templated":true}]}}