{"id":15370,"date":"2009-06-04T12:07:00","date_gmt":"2009-06-04T12:07:00","guid":{"rendered":"http:\/\/localhost:81\/wp1\/?p=15370"},"modified":"2009-06-04T12:07:00","modified_gmt":"2009-06-04T12:07:00","slug":"em-junho","status":"publish","type":"post","link":"https:\/\/sites.ecclesia.pt\/cv\/em-junho\/","title":{"rendered":"Em Junho"},"content":{"rendered":"<p>1 \u2013 Dia Internacional da Crian\u00e7a<\/p>\n<p>4 \u2013 Dia Internacional das Crian\u00e7as Inocentes V\u00edtimas de Agress\u00e3o <\/p>\n<p>5 \u2013 Dia Mundial do Ambiente<\/p>\n<p>10 \u2013 Dia de Portugal<\/p>\n<p>11 \u2013 Dia do Corpo de Deus<\/p>\n<p>12 \u2013 Dia Mundial Contra o Trabalho Infantil<\/p>\n<p>14 \u2013 Dia Mundial do Dador de Sangue<\/p>\n<p>17 \u2013 Dia Mundial do Combate \u00e0 Seca e Desertifica\u00e7\u00e3o <\/p>\n<p>20 \u2013 Dia Mundial dos Refugiados <\/p>\n<p>21 \u2013 Dia do Rel\u00f3gio de Sol<\/p>\n<p>21 \u2013 Dia Europeu da M\u00fasica<\/p>\n<p>24 \u2013 Dia Mundial do Cigano<\/p>\n<p>26 \u2013 Dia Internacional Contra o Abuso e Tr\u00e1fico de Droga <\/p>\n<p>26 \u2013 Dia Internacional de Apoio \u00e0s V\u00edtimas de Tortura <\/p>\n","protected":false},"excerpt":{"rendered":"<p>1 \u2013 Dia Internacional da Crian\u00e7a 4 \u2013 Dia Internacional das Crian\u00e7as Inocentes V\u00edtimas de Agress\u00e3o 5 \u2013 Dia Mundial do Ambiente 10 \u2013 Dia de Portugal 11 \u2013 Dia do Corpo de Deus 12 \u2013 Dia Mundial Contra o Trabalho Infantil 14 \u2013 Dia Mundial do Dador de Sangue 17 \u2013 Dia Mundial do [&hellip;]<\/p>\n","protected":false},"author":1,"featured_media":0,"comment_status":"open","ping_status":"open","sticky":false,"template":"","format":"standard","meta":{"footnotes":""},"categories":[56],"tags":[],"class_list":["post-15370","post","type-post","status-publish","format-standard","hentry","category-almanaque"],"_links":{"self":[{"href":"https:\/\/sites.ecclesia.pt\/cv\/wp-json\/wp\/v2\/posts\/15370","targetHints":{"allow":["GET"]}}],"collection":[{"href":"https:\/\/sites.ecclesia.pt\/cv\/wp-json\/wp\/v2\/posts"}],"about":[{"href":"https:\/\/sites.ecclesia.pt\/cv\/wp-json\/wp\/v2\/types\/post"}],"author":[{"embeddable":true,"href":"https:\/\/sites.ecclesia.pt\/cv\/wp-json\/wp\/v2\/users\/1"}],"replies":[{"embeddable":true,"href":"https:\/\/sites.ecclesia.pt\/cv\/wp-json\/wp\/v2\/comments?post=15370"}],"version-history":[{"count":0,"href":"https:\/\/sites.ecclesia.pt\/cv\/wp-json\/wp\/v2\/posts\/15370\/revisions"}],"wp:attachment":[{"href":"https:\/\/sites.ecclesia.pt\/cv\/wp-json\/wp\/v2\/media?parent=15370"}],"wp:term":[{"taxonomy":"category","embeddable":true,"href":"https:\/\/sites.ecclesia.pt\/cv\/wp-json\/wp\/v2\/categories?post=15370"},{"taxonomy":"post_tag","embeddable":true,"href":"https:\/\/sites.ecclesia.pt\/cv\/wp-json\/wp\/v2\/tags?post=15370"}],"curies":[{"name":"wp","href":"https:\/\/api.w.org\/{rel}","templated":true}]}}