{"id":15472,"date":"2012-11-14T15:39:00","date_gmt":"2012-11-14T15:39:00","guid":{"rendered":"http:\/\/localhost:81\/wp1\/?p=15472"},"modified":"2012-11-14T15:39:00","modified_gmt":"2012-11-14T15:39:00","slug":"d-jose-policarpo-apela-a-unidade-do-pais-em-tempos-dificeis","status":"publish","type":"post","link":"https:\/\/sites.ecclesia.pt\/cv\/d-jose-policarpo-apela-a-unidade-do-pais-em-tempos-dificeis\/","title":{"rendered":"D. Jos\u00e9 Policarpo apela \u00e0 unidade do pa\u00eds em &#8220;tempos dif\u00edceis&#8221;"},"content":{"rendered":"<p>Presidente da Confer\u00eancia Episcopal Portuguesa alerta para poss\u00edveis consequ\u00eancias das manifesta\u00e7\u00f5es de \u201cdescontentamento\u201d sobre os mais pobres.<\/p>\n<p>O cardeal-patriarca de Lisboa apelou em F\u00e1tima \u00e0 unidade do pa\u00eds num momento \u201cparticularmente exigente e dif\u00edcil\u201d, em que se fazem sentir o sofrimento e a falta de esperan\u00e7a provocados pelo desemprego e a austeridade. \u201cN\u00e3o \u00e9 uma comunidade nacional dividida, mas solid\u00e1ria, que poder\u00e1 enfrentar estes tempos dif\u00edceis\u201d, disse D. Jos\u00e9 Policarpo na segunda-feira, no discurso de abertura da 180.\u00aa Assembleia Plen\u00e1ria da Confer\u00eancia Episcopal Portuguesa (CEP), que decorre at\u00e9 quinta-feira.<\/p>\n<p>O presidente da CEP pediu mais informa\u00e7\u00e3o, \u201cobjetiva e verdadeira\u201d, sobre os problemas reais e as solu\u00e7\u00f5es poss\u00edveis, acrescentando que \u201c\u00e9 miss\u00e3o da Igreja, no seu di\u00e1logo pastoral com as pessoas, ajudar neste discernimento\u201d. \u201cEstamos reunidos num momento particularmente exigente e dif\u00edcil para muitos dos nossos diocesanos, de um modo especial para as fam\u00edlias onde o desemprego e a austeridade exigida, trouxeram sofrimento e, por vezes, fizeram perder a esperan\u00e7a\u201d, observou.<\/p>\n<p>A dois dias de uma greve geral [hoje, 14 de novembro], o cardeal-patriarca apelou \u00e0 pondera\u00e7\u00e3o da sociedade civil para evitar uma maior penaliza\u00e7\u00e3o dos mais necessitados. \u201cEstar\u00e1 a nossa popula\u00e7\u00e3o, nas diversas manifesta\u00e7\u00f5es do seu descontentamento, consciente de que o bem comum da nossa sociedade pode estar amea\u00e7ado e que, se isso acontecer, ser\u00e3o os mais pobres e desfavorecidos que mais sofrer\u00e3o?\u201d, questionou.<\/p>\n<p>O patriarca de Lisboa defendeu a necessidade de \u201ccoragem e serenidade\u201d no atual momento de crise, sublinhando que \u201cos ego\u00edsmos e individualismos n\u00e3o levam \u00e0 solu\u00e7\u00e3o dos problemas, nem das pessoas, nem da sociedade\u201d. D. Jos\u00e9 Policarpo referiu, por outro lado, que a principal resposta dos cat\u00f3licos tem passado pela \u201csolidariedade e partilha fraterna\u201d. \u201cQue cada crist\u00e3o esteja atento ao seu vizinho, que \u00e9 o seu pr\u00f3ximo, aceitemos a colabora\u00e7\u00e3o com outras iniciativas de solidariedade\u201d, apelou.<\/p>\n<p>Segundo este respons\u00e1vel, a consci\u00eancia do bem comum sup\u00f5e a \u201cexperi\u00eancia da dimens\u00e3o comunit\u00e1ria da sociedade\u201d. \u201cS\u00f3 haver\u00e1 preocupa\u00e7\u00e3o com o bem comum de toda a sociedade se houver, ao n\u00edvel cultural e \u00e9tico, respeito e cultivo da dignidade da pessoa humana, que se exprime na solidariedade e no empenho comunit\u00e1rio\u201d, precisou.<\/p>\n<p>O presidente da estrutura cimeira do episcopado cat\u00f3lico em Portugal aludiu \u00e0s an\u00e1lises que mostram que as fam\u00edlias s\u00e3o as mais atingidas pelas \u201cexig\u00eancias da austeridade\u201d. \u201c\u00c9 nossa miss\u00e3o estar com as fam\u00edlias para que as dificuldades materiais n\u00e3o as anulem como lugar de amor, de conviv\u00eancia, de discernimento e de coragem para lutar\u201d, assinalou. Neste contexto, o cardeal-patriarca deixou votos de que \u201cas fam\u00edlias que podem sejam solid\u00e1rias com as fam\u00edlias que precisam\u201d.<\/p>\n<p>A assembleia plen\u00e1ria da CEP vai debater, entre outros assuntos, os dados do inqu\u00e9rito sobre \u201catitudes\u201d da sociedade face \u00e0 Igreja, nos A\u00e7ores e Madeira. Os bispos partilhar\u00e3o sobre o S\u00ednodo da Nova Evangeliza\u00e7\u00e3o e o Ano da F\u00e9 e v\u00e3o divulgar duas notas pastorais, uma a prop\u00f3sito do 150.\u00ba anivers\u00e1rio do nascimento da Beata Maria do Divino Cora\u00e7\u00e3o (08-09-1863) e outra, intitulada \u201cCaminho de Esperan\u00e7a\u201d, sobre os 90 anos do Corpo Nacional de Escutas (CNE).<\/p>\n","protected":false},"excerpt":{"rendered":"<p>Presidente da Confer\u00eancia Episcopal Portuguesa alerta para poss\u00edveis consequ\u00eancias das manifesta\u00e7\u00f5es de \u201cdescontentamento\u201d sobre os mais pobres. O cardeal-patriarca de Lisboa apelou em F\u00e1tima \u00e0 unidade do pa\u00eds num momento \u201cparticularmente exigente e dif\u00edcil\u201d, em que se fazem sentir o sofrimento e a falta de esperan\u00e7a provocados pelo desemprego e a austeridade. \u201cN\u00e3o \u00e9 uma [&hellip;]<\/p>\n","protected":false},"author":1,"featured_media":0,"comment_status":"open","ping_status":"open","sticky":false,"template":"","format":"standard","meta":{"footnotes":""},"categories":[53],"tags":[],"class_list":["post-15472","post","type-post","status-publish","format-standard","hentry","category-igreja-em-portugal"],"_links":{"self":[{"href":"https:\/\/sites.ecclesia.pt\/cv\/wp-json\/wp\/v2\/posts\/15472","targetHints":{"allow":["GET"]}}],"collection":[{"href":"https:\/\/sites.ecclesia.pt\/cv\/wp-json\/wp\/v2\/posts"}],"about":[{"href":"https:\/\/sites.ecclesia.pt\/cv\/wp-json\/wp\/v2\/types\/post"}],"author":[{"embeddable":true,"href":"https:\/\/sites.ecclesia.pt\/cv\/wp-json\/wp\/v2\/users\/1"}],"replies":[{"embeddable":true,"href":"https:\/\/sites.ecclesia.pt\/cv\/wp-json\/wp\/v2\/comments?post=15472"}],"version-history":[{"count":0,"href":"https:\/\/sites.ecclesia.pt\/cv\/wp-json\/wp\/v2\/posts\/15472\/revisions"}],"wp:attachment":[{"href":"https:\/\/sites.ecclesia.pt\/cv\/wp-json\/wp\/v2\/media?parent=15472"}],"wp:term":[{"taxonomy":"category","embeddable":true,"href":"https:\/\/sites.ecclesia.pt\/cv\/wp-json\/wp\/v2\/categories?post=15472"},{"taxonomy":"post_tag","embeddable":true,"href":"https:\/\/sites.ecclesia.pt\/cv\/wp-json\/wp\/v2\/tags?post=15472"}],"curies":[{"name":"wp","href":"https:\/\/api.w.org\/{rel}","templated":true}]}}