{"id":15601,"date":"2006-04-03T14:44:00","date_gmt":"2006-04-03T14:44:00","guid":{"rendered":"http:\/\/localhost:81\/wp1\/?p=15601"},"modified":"2006-04-03T14:44:00","modified_gmt":"2006-04-03T14:44:00","slug":"jornadas-europeias-do-patrimonio-em-aveiro","status":"publish","type":"post","link":"https:\/\/sites.ecclesia.pt\/cv\/jornadas-europeias-do-patrimonio-em-aveiro\/","title":{"rendered":"Jornadas Europeias do Patrim\u00f3nio em Aveiro"},"content":{"rendered":"<p>Com visitas, palestras, passeios na ria e gastronomia <!--more--> As Jornadas Europeias do Patrim\u00f3nio foram assinaladas em Aveiro com um vasto programa promovido pela C\u00e2mara Municipal, que incluiu visitas pela cidade e pela ria, palestras e gastronomia regional.<\/p>\n<p>O Museu de Aveiro, como um museu nacional dependente do IPM \u2013 Instituto Portugu\u00eas de Museus, tamb\u00e9m aderiu a estas jornadas europeias, que se comemoraram em quarenta e sete pa\u00edses europeus, sob a \u00e9gide do Conselho da Europa, e que em Portugal s\u00e3o coordenadas pelo IPPAR \u2013 Instituto Portugu\u00eas do Patrim\u00f3nio Arquitect\u00f3nico. <\/p>\n<p>As palestras foram proferidas pela professora In\u00eas Amorim e pela arquitecta Helena Roseta, tendo a primeira focado o tema do sal, enquanto que a segunda, como baston\u00e1ria da Ordem dos Arquitectos, centrou a sua alocu\u00e7\u00e3o na tem\u00e1tica em torno da arquitectura. <\/p>\n<p>Manuel Ferreira Rodrigues, vereador do pelouro da cultura, sublinhou que, com o passeio \u201cPasso a passo por Aveiro: arquitectura civil e religiosa de Aveiro\u201d, a autarquia pretendeu \u201cchamar a aten\u00e7\u00e3o dos visitantes para alguns im\u00f3veis que carecem de aten\u00e7\u00e3o por parte das autoridades p\u00fablicas e dos particulares, porque as jornadas visam sensibilizar a popula\u00e7\u00e3o para a import\u00e2ncia cultural do nosso patrim\u00f3nio\u201d.<\/p>\n<p>O objectivo pretendido com a realiza\u00e7\u00e3o dos passeios de barco moliceiro pela ria foi o de \u201cchamar a aten\u00e7\u00e3o para a necessidade urgente da popula\u00e7\u00e3o e dos dirigentes de todos os munic\u00edpios \u00e0 volta da ria olharem para ela de forma diferente, porque a ria pode, e vai ser, o principal instrumento de desenvolvimento integrado e de afirma\u00e7\u00e3o regional de todos estes munic\u00edpios\u201d.<\/p>\n<p>A gastronomia regional portuguesa foi classificada, h\u00e1 alguns anos, como patrim\u00f3nio cultural, motivo pelo que a edilidade de Aveiro resolveu inclu\u00ed-la no programa destas Jornadas Europeias do Patrim\u00f3nio, convidando os restaurantes \u201ca servirem, nesse dia, pratos e iguarias pr\u00f3prias daqui da regi\u00e3o, mas gostaria que a popula\u00e7\u00e3o aderisse e come\u00e7asse a comer ovos moles e n\u00e3o comesse os doces do costume, at\u00e9 porque os ovos moles n\u00e3o t\u00eam muito menos calorias do que muitos desse doces que habitualmen-te se consomem\u201d.<\/p>\n<p>Jornadas tamb\u00e9m na Vista Alegre<\/p>\n<p>No vizinho concelho de \u00cdlhavo, as Jornadas Europeias do Patrim\u00f3nio tamb\u00e9m foram comemoradas, n\u00e3o por iniciativa da autarquia mas por ac\u00e7\u00e3o conjunta da APOREM \u2013 Associa\u00e7\u00e3o Portuguesa de Empresas com Museu e da F\u00e1brica de Porcelanas da Vista Alegre, o que permitiu que esta unidade fabril, inaugurada em 1824, e que \u00e9 um verdadeiro marco da revolu\u00e7\u00e3o industrial no nosso pa\u00eds e uma das mais conceituadas marcas mundiais de porcelanas, pudesse ser gratuitamente visitada pelo p\u00fablico.<\/p>\n","protected":false},"excerpt":{"rendered":"<p>Com visitas, palestras, passeios na ria e gastronomia<\/p>\n","protected":false},"author":1,"featured_media":0,"comment_status":"open","ping_status":"open","sticky":false,"template":"","format":"standard","meta":{"footnotes":""},"categories":[64],"tags":[],"class_list":["post-15601","post","type-post","status-publish","format-standard","hentry","category-geral"],"_links":{"self":[{"href":"https:\/\/sites.ecclesia.pt\/cv\/wp-json\/wp\/v2\/posts\/15601","targetHints":{"allow":["GET"]}}],"collection":[{"href":"https:\/\/sites.ecclesia.pt\/cv\/wp-json\/wp\/v2\/posts"}],"about":[{"href":"https:\/\/sites.ecclesia.pt\/cv\/wp-json\/wp\/v2\/types\/post"}],"author":[{"embeddable":true,"href":"https:\/\/sites.ecclesia.pt\/cv\/wp-json\/wp\/v2\/users\/1"}],"replies":[{"embeddable":true,"href":"https:\/\/sites.ecclesia.pt\/cv\/wp-json\/wp\/v2\/comments?post=15601"}],"version-history":[{"count":0,"href":"https:\/\/sites.ecclesia.pt\/cv\/wp-json\/wp\/v2\/posts\/15601\/revisions"}],"wp:attachment":[{"href":"https:\/\/sites.ecclesia.pt\/cv\/wp-json\/wp\/v2\/media?parent=15601"}],"wp:term":[{"taxonomy":"category","embeddable":true,"href":"https:\/\/sites.ecclesia.pt\/cv\/wp-json\/wp\/v2\/categories?post=15601"},{"taxonomy":"post_tag","embeddable":true,"href":"https:\/\/sites.ecclesia.pt\/cv\/wp-json\/wp\/v2\/tags?post=15601"}],"curies":[{"name":"wp","href":"https:\/\/api.w.org\/{rel}","templated":true}]}}