{"id":15602,"date":"2006-04-03T14:44:00","date_gmt":"2006-04-03T14:44:00","guid":{"rendered":"http:\/\/localhost:81\/wp1\/?p=15602"},"modified":"2006-04-03T14:44:00","modified_gmt":"2006-04-03T14:44:00","slug":"mario-duarte-concluido","status":"publish","type":"post","link":"https:\/\/sites.ecclesia.pt\/cv\/mario-duarte-concluido\/","title":{"rendered":"&#8220;M\u00e1rio Duarte&#8221; conclu\u00eddo"},"content":{"rendered":"<p>Dois anos ap\u00f3s o in\u00edcio da obra <!--more--> Dois anos ap\u00f3s o in\u00edcio dos trabalhos de constru\u00e7\u00e3o do novo Est\u00e1dio Municipal de Aveiro \u201cM\u00e1rio Duarte\u201d, a obra foi dada por conclu\u00edda, na passada segunda-feira, numa cerim\u00f3nia que contou com a presen\u00e7a do ministro adjunto, do secret\u00e1rio de Estado da Juventude e Desportos e do presidente da C\u00e2mara Municipal de Aveiro, Jos\u00e9 Lu\u00eds Arnaut, Herm\u00ednio Loureiro e Alberto Souto, respectivamente, para al\u00e9m de in\u00fameras entidades civis, religiosas, militares e desportivas.<\/p>\n<p>Gilberto Mada\u00edl, presidente da Federa\u00e7\u00e3o Portuguesa de Futebol, considerou que dos dez est\u00e1dios que v\u00e3o acolher o Euro 2004, o est\u00e1dio de Aveiro \u00e9 aquele que \u201cest\u00e1 melhor dotado de acessibilidades\u201d, tendo ainda sublinhado que s\u00f3 o \u201csegundo maior evento do mundo poderia justificar uma obra desta grandeza\u201d.<\/p>\n<p>Herm\u00ednio Loureiro referiu que esteve aqui aquando do lan\u00e7amento da primeira pedra do est\u00e1dio, motivo pelo que \u00e9 com emo\u00e7\u00e3o que est\u00e1 agora aqui \u201cno momento em que o es-t\u00e1dio \u00e9 dado por terminado\u201d.<\/p>\n<p>Alberto Souto recordou que o novo est\u00e1dio de Aveiro \u00e9 \u201ca maior obra jamais realizada no distrito de Aveiro\u201d e que, apesar disso, foi constru\u00edda \u201cnum tempo recorde\u201d de dois anos, tendo acrescentado que Aveiro foi \u201ca primeira cidade a concluir um est\u00e1dio constru\u00eddo de raiz\u201d para o Euro 2004. O autarca afirmou que \u201cqueremos no novo est\u00e1dio futebol ganhador\u201d, tanto mais que, o com o novo est\u00e1dio, \u201cdesportivamente, Aveiro passar\u00e1 a ser, no pa\u00eds, uma refer\u00eancia incontorn\u00e1vel\u201d.<\/p>\n<p>\u201cEsta obra \u00e9 por si s\u00f3 impressionante, pelo seu mosaico colorido, pela sua dimens\u00e3o e pelo seu impacto\u201d, referiu o ministro que tem a tutela dos desportos e do Euro 2004. \u201cEsta obra congrega-nos, alegra-nos e deixa-nos contentes\u201d, disse.<\/p>\n<p>C.F.<\/p>\n","protected":false},"excerpt":{"rendered":"<p>Dois anos ap\u00f3s o in\u00edcio da obra<\/p>\n","protected":false},"author":1,"featured_media":0,"comment_status":"open","ping_status":"open","sticky":false,"template":"","format":"standard","meta":{"footnotes":""},"categories":[63],"tags":[],"class_list":["post-15602","post","type-post","status-publish","format-standard","hentry","category-aveiro"],"_links":{"self":[{"href":"https:\/\/sites.ecclesia.pt\/cv\/wp-json\/wp\/v2\/posts\/15602","targetHints":{"allow":["GET"]}}],"collection":[{"href":"https:\/\/sites.ecclesia.pt\/cv\/wp-json\/wp\/v2\/posts"}],"about":[{"href":"https:\/\/sites.ecclesia.pt\/cv\/wp-json\/wp\/v2\/types\/post"}],"author":[{"embeddable":true,"href":"https:\/\/sites.ecclesia.pt\/cv\/wp-json\/wp\/v2\/users\/1"}],"replies":[{"embeddable":true,"href":"https:\/\/sites.ecclesia.pt\/cv\/wp-json\/wp\/v2\/comments?post=15602"}],"version-history":[{"count":0,"href":"https:\/\/sites.ecclesia.pt\/cv\/wp-json\/wp\/v2\/posts\/15602\/revisions"}],"wp:attachment":[{"href":"https:\/\/sites.ecclesia.pt\/cv\/wp-json\/wp\/v2\/media?parent=15602"}],"wp:term":[{"taxonomy":"category","embeddable":true,"href":"https:\/\/sites.ecclesia.pt\/cv\/wp-json\/wp\/v2\/categories?post=15602"},{"taxonomy":"post_tag","embeddable":true,"href":"https:\/\/sites.ecclesia.pt\/cv\/wp-json\/wp\/v2\/tags?post=15602"}],"curies":[{"name":"wp","href":"https:\/\/api.w.org\/{rel}","templated":true}]}}