{"id":15604,"date":"2006-04-03T14:44:00","date_gmt":"2006-04-03T14:44:00","guid":{"rendered":"http:\/\/localhost:81\/wp1\/?p=15604"},"modified":"2006-04-03T14:44:00","modified_gmt":"2006-04-03T14:44:00","slug":"diaconado-permanente-na-diocese-de-aveiro-ii","status":"publish","type":"post","link":"https:\/\/sites.ecclesia.pt\/cv\/diaconado-permanente-na-diocese-de-aveiro-ii\/","title":{"rendered":"Diaconado Permanente na Diocese de Aveiro &#8211; II"},"content":{"rendered":"<p>O Diaconado Permanente, na Diocese de Aveiro, teve a sua g\u00e9nese na d\u00e9cada de 80 do s\u00e9culo passado, gra\u00e7as ao cuidado do ent\u00e3o bispo da Diocese, D. Manuel de Almeida Trindade, e do seu bispo coadjutor, D. Ant\u00f3nio Baltasar Marcelino. A necessidade de instaurar o diaconado n\u00e3o surgiu pela imposi\u00e7\u00e3o da falta de voca\u00e7\u00f5es ao presbiterado, mas pela valoriza\u00e7\u00e3o do minist\u00e9rio diaconal e pela preocupa\u00e7\u00e3o pastoral dos bispos em aplicar as directrizes do Conc\u00edlio Vaticano II.<\/p>\n<p>Em 1988, D. Ant\u00f3nio Marcelino, bispo da Diocese, ordenou os primeiros nove candidatos ao diaconado. Um segundo grupo, constitu\u00eddo por oito candidatos, foi ordenado em 1993 e em 1999 um terceiro grupo, formado por mais sete candidatos. Ao todo o corpo diaconal ficava constitu\u00eddo por 24 di\u00e1conos permanentes.<\/p>\n<p>No decurso da d\u00e9cada seguinte, a Diocese vive uma das experi\u00eancias mais marcantes na sua caminhada pastoral, o II S\u00ednodo Diocesano. Atento \u00e0 import\u00e2ncia que o minist\u00e9rio do diaconado representa para o servi\u00e7o da Igreja, n\u00e3o s\u00f3 na dimens\u00e3o social e caritativa, mas em todas as vertentes da pastoral, o II S\u00ednodo valorizou o minist\u00e9rio diaconal, reconhecendo o papel dos di\u00e1conos permanentes nas diversas inst\u00e2ncias diocesanas; destacou a import\u00e2ncia em dar a conhecer \u00e0 Diocese a voca\u00e7\u00e3o e a miss\u00e3o dos di\u00e1conos de modo a suscitar voca\u00e7\u00f5es para o diaconado, sobretudo entre os que exercem minist\u00e9rios laicais e t\u00eam responsabilidades na comunidade paroquial; e exortou os di\u00e1conos permanentes a um cuidado especial na sua forma\u00e7\u00e3o teol\u00f3gica cont\u00ednua, correspondente \u00e0s exig\u00eancias do seu minist\u00e9rio, pedindo-lhes que, na miss\u00e3o a exercer, estivessem pr\u00f3ximos de todos, como irm\u00e3os e amigos.<\/p>\n<p>No pr\u00f3ximo dia 5 de Outubro, o corpo diaconal ser\u00e1 enriquecido com a ordena\u00e7\u00e3o de mais cinco novos candidatos, formando um total de 28 di\u00e1conos permanentes na Diocese. A morte do saudoso di\u00e1cono Carlos Merendeiro da Rocha reduziu o n\u00famero do primeiro grupo de 24 para 23 di\u00e1conos.<\/p>\n<p>A presen\u00e7a atenta, dispon\u00edvel e pastoralmente dedicada dos di\u00e1conos permanentes na Diocese, tem dado a muitas comunidades paroquiais e servi\u00e7os diocesanos uma mais-valia pastoral h\u00e1 muito necess\u00e1ria na Igreja de Aveiro. Os di\u00e1conos n\u00e3o est\u00e3o a\u00ed, onde o bispo diocesano os nomeia, pela aus\u00eancia de padres, mas est\u00e3o \u201ca\u00ed\u201d exactamente pelo que s\u00e3o, di\u00e1conos permanentes, e pelo que o seu minist\u00e9rio pode oferecer para o enriquecimento da f\u00e9 daqueles que s\u00e3o por eles servidos no minist\u00e9rio da Palavra, da Liturgia e da Caridade.<\/p>\n","protected":false},"excerpt":{"rendered":"<p>O Diaconado Permanente, na Diocese de Aveiro, teve a sua g\u00e9nese na d\u00e9cada de 80 do s\u00e9culo passado, gra\u00e7as ao cuidado do ent\u00e3o bispo da Diocese, D. Manuel de Almeida Trindade, e do seu bispo coadjutor, D. Ant\u00f3nio Baltasar Marcelino. A necessidade de instaurar o diaconado n\u00e3o surgiu pela imposi\u00e7\u00e3o da falta de voca\u00e7\u00f5es ao [&hellip;]<\/p>\n","protected":false},"author":1,"featured_media":0,"comment_status":"open","ping_status":"open","sticky":false,"template":"","format":"standard","meta":{"footnotes":""},"categories":[38],"tags":[],"class_list":["post-15604","post","type-post","status-publish","format-standard","hentry","category-destaque"],"_links":{"self":[{"href":"https:\/\/sites.ecclesia.pt\/cv\/wp-json\/wp\/v2\/posts\/15604","targetHints":{"allow":["GET"]}}],"collection":[{"href":"https:\/\/sites.ecclesia.pt\/cv\/wp-json\/wp\/v2\/posts"}],"about":[{"href":"https:\/\/sites.ecclesia.pt\/cv\/wp-json\/wp\/v2\/types\/post"}],"author":[{"embeddable":true,"href":"https:\/\/sites.ecclesia.pt\/cv\/wp-json\/wp\/v2\/users\/1"}],"replies":[{"embeddable":true,"href":"https:\/\/sites.ecclesia.pt\/cv\/wp-json\/wp\/v2\/comments?post=15604"}],"version-history":[{"count":0,"href":"https:\/\/sites.ecclesia.pt\/cv\/wp-json\/wp\/v2\/posts\/15604\/revisions"}],"wp:attachment":[{"href":"https:\/\/sites.ecclesia.pt\/cv\/wp-json\/wp\/v2\/media?parent=15604"}],"wp:term":[{"taxonomy":"category","embeddable":true,"href":"https:\/\/sites.ecclesia.pt\/cv\/wp-json\/wp\/v2\/categories?post=15604"},{"taxonomy":"post_tag","embeddable":true,"href":"https:\/\/sites.ecclesia.pt\/cv\/wp-json\/wp\/v2\/tags?post=15604"}],"curies":[{"name":"wp","href":"https:\/\/api.w.org\/{rel}","templated":true}]}}