{"id":15605,"date":"2006-04-03T14:44:00","date_gmt":"2006-04-03T14:44:00","guid":{"rendered":"http:\/\/localhost:81\/wp1\/?p=15605"},"modified":"2006-04-03T14:44:00","modified_gmt":"2006-04-03T14:44:00","slug":"portugal-tem-obrigacao-de-ser-porta-aberta-para-os-imigrantes","status":"publish","type":"post","link":"https:\/\/sites.ecclesia.pt\/cv\/portugal-tem-obrigacao-de-ser-porta-aberta-para-os-imigrantes\/","title":{"rendered":"Portugal tem obriga\u00e7\u00e3o de ser porta aberta para os imigrantes"},"content":{"rendered":"<p>&#8220;Europa e a Miss\u00e3o Ad Gentes&#8221; <!--more--> \u201cDentro da Europa, Portugal tem obriga\u00e7\u00e3o moral e hist\u00f3rica de ser uma porta aberta para os imigrantes, procurando integr\u00e1-los  com dignidade no nosso tecido social.\u201d Esta foi uma interpela\u00e7\u00e3o sa\u00edda das Jornadas Mission\u00e1rias Nacionais que se realizaram em F\u00e1tima, de 19 a 21 de Setembro, \u00e0 volta do tema \u201cEuropa e a Miss\u00e3o Ad Gentes\u201d, com a participa\u00e7\u00e3o de 600 cat\u00f3licos.<\/p>\n<p>A mensagem final reconhece que a crise de valores  e de refer\u00eancias na Europa s\u00e3o um desafio \u00e0 cidadania activa dos crist\u00e3os e \u00e0 sua interven\u00e7\u00e3o prof\u00e9tica nos ambientes onde esses valores sejam ignorados ou negados, nomeadamente na televis\u00e3o e noutros meios de comunica\u00e7\u00e3o social, enquanto denuncia um d\u00e9fice democr\u00e1tico, de participa\u00e7\u00e3o e de profetismo  crist\u00e3o.<\/p>\n<p>\u201cUm dos mais urgentes imperativos que se imp\u00f5em  \u00e0 sociedade civil e, em particular, aos crist\u00e3os, \u00e9 a mudan\u00e7a das estruturas de poder para as tornar mais justas e mais humanas\u201d, sublinha-se no documento final tornado p\u00fablico, ao mesmo tempo que se reconhece que a nova realidade da cultura urbana exige, por parte da Igreja, \u201cnovas formas de resposta ao modo como a miss\u00e3o se deve situar no territ\u00f3rio\u201d.<\/p>\n<p>Por outro lado, foi frisado que a gemina\u00e7\u00e3o de par\u00f3quias e dioceses revela \u201cum caminho  para a anima\u00e7\u00e3o mission\u00e1ria\u201d e que o alargamento da Europa nos desafia \u201ca uma grande abertura \u00e0s outras confiss\u00f5es crist\u00e3s e a outros credos religiosos\u201d. Mas tamb\u00e9m se diz que a transmiss\u00e3o da f\u00e9 na nova cultura \u201cpassa necessariamente pelo an\u00fancio de Jesus  Cristo, por meio de um testemunho de vida pessoal e comunit\u00e1rio\u201d.<\/p>\n<p>Nas conclus\u00f5es, reconhece-se que o nosso tempo \u00e9 marcado por sinais de esperan\u00e7a, mas tamb\u00e9m por um clima de incertezas e por uma \u201cpreocupante crise de valores\u201d. <\/p>\n<p>Dos motivos de esperan\u00e7a, s\u00e3o destacados uma maior sensibilidade aos direitos humanos, a luta contra a corrup\u00e7\u00e3o, o aumento do voluntariado e o respeito pela natureza.  <\/p>\n<p>Como motivos de preocupa\u00e7\u00e3o, adiantam-se o desrespeito pela ordem internacional, a pedofilia, a corrup\u00e7\u00e3o de alguns pol\u00edticos, a instabilidade familiar, a falta de respeito pela vida, o fosso entre ricos e pobres e uma economia cada vez menos ao servi\u00e7o dos necessitados, entre outros.<\/p>\n<p>Entretanto, refere-se que o encontro de culturas  e o di\u00e1logo entre religi\u00f5es s\u00e3o hoje \u201cum espa\u00e7o importante da miss\u00e3o, que \u00e9 imprescind\u00edvel aprofundar e desenvolver\u201d, e que o alargamento da Europa apresenta um enriquecimento cultural e religioso, \u201ccom uma grande disparidade econ\u00f3mica e social\u201d que n\u00e3o deixar\u00e1 de levantar grandes  desafios.<\/p>\n","protected":false},"excerpt":{"rendered":"<p>&#8220;Europa e a Miss\u00e3o Ad Gentes&#8221;<\/p>\n","protected":false},"author":1,"featured_media":0,"comment_status":"open","ping_status":"open","sticky":false,"template":"","format":"standard","meta":{"footnotes":""},"categories":[38],"tags":[],"class_list":["post-15605","post","type-post","status-publish","format-standard","hentry","category-destaque"],"_links":{"self":[{"href":"https:\/\/sites.ecclesia.pt\/cv\/wp-json\/wp\/v2\/posts\/15605","targetHints":{"allow":["GET"]}}],"collection":[{"href":"https:\/\/sites.ecclesia.pt\/cv\/wp-json\/wp\/v2\/posts"}],"about":[{"href":"https:\/\/sites.ecclesia.pt\/cv\/wp-json\/wp\/v2\/types\/post"}],"author":[{"embeddable":true,"href":"https:\/\/sites.ecclesia.pt\/cv\/wp-json\/wp\/v2\/users\/1"}],"replies":[{"embeddable":true,"href":"https:\/\/sites.ecclesia.pt\/cv\/wp-json\/wp\/v2\/comments?post=15605"}],"version-history":[{"count":0,"href":"https:\/\/sites.ecclesia.pt\/cv\/wp-json\/wp\/v2\/posts\/15605\/revisions"}],"wp:attachment":[{"href":"https:\/\/sites.ecclesia.pt\/cv\/wp-json\/wp\/v2\/media?parent=15605"}],"wp:term":[{"taxonomy":"category","embeddable":true,"href":"https:\/\/sites.ecclesia.pt\/cv\/wp-json\/wp\/v2\/categories?post=15605"},{"taxonomy":"post_tag","embeddable":true,"href":"https:\/\/sites.ecclesia.pt\/cv\/wp-json\/wp\/v2\/tags?post=15605"}],"curies":[{"name":"wp","href":"https:\/\/api.w.org\/{rel}","templated":true}]}}