{"id":15606,"date":"2006-04-03T14:44:00","date_gmt":"2006-04-03T14:44:00","guid":{"rendered":"http:\/\/localhost:81\/wp1\/?p=15606"},"modified":"2006-04-03T14:44:00","modified_gmt":"2006-04-03T14:44:00","slug":"as-maquinas-entram-e-limpam-ex-centro-de-saude-mental","status":"publish","type":"post","link":"https:\/\/sites.ecclesia.pt\/cv\/as-maquinas-entram-e-limpam-ex-centro-de-saude-mental\/","title":{"rendered":"As m\u00e1quinas entram e &#8220;limpam&#8221; ex-Centro de Sa\u00fade Mental"},"content":{"rendered":"<p>Alberto Souto surpreendido <!--more--> Num dia fui a S\u00e3o Bernardo e vi os terrenos circundantes do ex-Centro de Sa\u00fade Mental abandonados, em selva. No dia seguinte, logo pela manh\u00e3zinha, deparei com a mesma zona, uma vasta \u00e1rea, quase limpa e com quatro ou cinco m\u00e1quinas  a trabalharem velozmente&#8230;<\/p>\n<p>Telefonei ao Presidente da Junta, \u00c9lio Maia, que me informou j\u00e1 estar a enviar para os jornais um fax a comunicar que aqueles terrenos e instala\u00e7\u00f5es tinham  sido objecto de um acordo entre aquela Junta e a Direc\u00e7\u00e3o Geral do Patrim\u00f3nio, onde ir\u00e3o, porventura, instalar-se as sedes das associa\u00e7\u00f5es daquela terra, salientando que, depois de baldadas todas as dilig\u00eancias da autarquia, se chegou a um entendinento protocolar, remetendo-nos para a exposi\u00e7\u00e3o enviada.<\/p>\n<p>Nessa exposi\u00e7\u00e3o faz-se a hist\u00f3ria do grande complexo, que j\u00e1 serviu para muitas coisas. Entretanto, Alberto Souto, segundo a comunica\u00e7\u00e3o social, mostra-se surpreendido com o que se passou, ultrapassando-se tudo e todos. A C\u00e2mara liderava o processo de negocia\u00e7\u00f5es sobre o futuro do im\u00f3vel, referindo ao \u201cP\u00fablico\u201d que estava \u201cestupefacto perante a descortesia institucional da tutela. Oficialmente n\u00e3o sei de nada. Nunca renunci\u00e1mos \u00e0 permuta e at\u00e9 confirm\u00e1mos o nosso interesse por aquela aquisi\u00e7\u00e3o\u201d, disse.<\/p>\n<p>Na exposi\u00e7\u00e3o que o presidente da Junta de S\u00e3o Bernardo enviou aos jornais, assinala-se o regozijo de se ter encontrado uma solu\u00e7\u00e3o para curar a degrada\u00e7\u00e3o do im\u00f3vel, evidenciando-se que \u201cnos \u00faltimos doze anos a nossa freguesia desenvolveu in\u00fameras iniciativas, no sentido de ser encontrada uma solu\u00e7\u00e3o para aquelas instala\u00e7\u00f5es\u201d. <\/p>\n<p>\u201cDiferentes primeiros-ministros, ministros, secret\u00e1rios de Estado e directores gerais, governadores civis e entidades de Sa\u00fade Regionais foram assumindo compromissos e foi constantemente reafirmada a plena convic\u00e7\u00e3o de que, mais ou menos rapidamente, iria ser concretizada uma solu\u00e7\u00e3o\u201d, lembra \u00c9lio Maia<\/p>\n<p>Tece algumas cr\u00edticas \u00e0 autarquia liderada por Alberto Souto, referindo nomeadamente que tudo aconteceu porque \u201ca C\u00e2mara Municipal, por of\u00edcios de 2002 e de 19 de Fevereiro de 2003, solicitou a exclus\u00e3o da permuta aprovada\u201d, com o fundamento em \u201caltera\u00e7\u00f5es de op\u00e7\u00f5es de planeamento\u201d, solicita\u00e7\u00e3o que automaticamente levou \u00e0 anula\u00e7\u00e3o e inviabilidade do acordo obtido.<\/p>\n<p>\u00c9lio Maia, congratulando-se com o passo, ora dado, sublinha a \u201cfeliz conclus\u00e3o, no dia 18 de Setembro de 2003, com a assinatura em Lisboa, a T\u00edtulo Prec\u00e1rio, celebrado entre o Dr. Francisco Maria de Freitas de Morais Sarmento Ramalho, Director-Geral da Direc\u00e7\u00e3o Geral do Patrim\u00f3nio, e a nossa Junta de Freguesia de S\u00e3o Bernardo, da entrega do ex-Centro de Sa\u00fade Mental, para \u201ccuidar do mesmo e evitar as sua deteriora\u00e7\u00e3o. Esta cess\u00e3o decorrer\u00e1 at\u00e9 \u00e0 conclus\u00e3o do processo de aliena\u00e7\u00e3o, por hasta p\u00fablica ou cess\u00e3o a t\u00edtulo definitivo\u201d.<\/p>\n","protected":false},"excerpt":{"rendered":"<p>Alberto Souto surpreendido<\/p>\n","protected":false},"author":1,"featured_media":0,"comment_status":"open","ping_status":"open","sticky":false,"template":"","format":"standard","meta":{"footnotes":""},"categories":[45],"tags":[],"class_list":["post-15606","post","type-post","status-publish","format-standard","hentry","category-regioes"],"_links":{"self":[{"href":"https:\/\/sites.ecclesia.pt\/cv\/wp-json\/wp\/v2\/posts\/15606","targetHints":{"allow":["GET"]}}],"collection":[{"href":"https:\/\/sites.ecclesia.pt\/cv\/wp-json\/wp\/v2\/posts"}],"about":[{"href":"https:\/\/sites.ecclesia.pt\/cv\/wp-json\/wp\/v2\/types\/post"}],"author":[{"embeddable":true,"href":"https:\/\/sites.ecclesia.pt\/cv\/wp-json\/wp\/v2\/users\/1"}],"replies":[{"embeddable":true,"href":"https:\/\/sites.ecclesia.pt\/cv\/wp-json\/wp\/v2\/comments?post=15606"}],"version-history":[{"count":0,"href":"https:\/\/sites.ecclesia.pt\/cv\/wp-json\/wp\/v2\/posts\/15606\/revisions"}],"wp:attachment":[{"href":"https:\/\/sites.ecclesia.pt\/cv\/wp-json\/wp\/v2\/media?parent=15606"}],"wp:term":[{"taxonomy":"category","embeddable":true,"href":"https:\/\/sites.ecclesia.pt\/cv\/wp-json\/wp\/v2\/categories?post=15606"},{"taxonomy":"post_tag","embeddable":true,"href":"https:\/\/sites.ecclesia.pt\/cv\/wp-json\/wp\/v2\/tags?post=15606"}],"curies":[{"name":"wp","href":"https:\/\/api.w.org\/{rel}","templated":true}]}}