{"id":15827,"date":"2006-04-03T14:44:00","date_gmt":"2006-04-03T14:44:00","guid":{"rendered":"http:\/\/localhost:81\/wp1\/?p=15827"},"modified":"2006-04-03T14:44:00","modified_gmt":"2006-04-03T14:44:00","slug":"idosos-cantaram-melodias-do-natal-de-sempre","status":"publish","type":"post","link":"https:\/\/sites.ecclesia.pt\/cv\/idosos-cantaram-melodias-do-natal-de-sempre\/","title":{"rendered":"Idosos cantaram melodias do Natal de sempre"},"content":{"rendered":"<p>Festa dos Reis e do Ano Novo no CUFC <!--more--> Idosos de v\u00e1rios lares da \u00e1rea diocesana cantaram, no CUFC (Centro Universit\u00e1rio F\u00e9 e Cultura), no s\u00e1bado, melodias do Natal de sempre, que est\u00e3o ainda na mem\u00f3ria de todos. A iniciativa, repetida ano ap\u00f3s ano, foi daquela estrutura eclesial vocacionada para o trabalho com universit\u00e1rios e contou com o apoio da Reitoria da Universidade de Aveiro, nomeadamente da AAUAv e SAS-UA, respectivamente Associa\u00e7\u00e3o Acad\u00e9mica e Servi\u00e7os de Ac\u00e7\u00e3o Social.<\/p>\n<p>A festa, que foi bastante animada, resultou, de certo modo, do trabalho desenvolvido pelo Projecto Voluntariado a Lares de Idosos, que envolve cerca de 30 volunt\u00e1rios, entre estudantes e outras pessoas com sensibilidade e disponibilidade para este servi\u00e7o em favor dos que mais precisam, segundo nos informou a dra. Helena Os\u00f3rio, uma dinamizadora desta ac\u00e7\u00e3o.<\/p>\n<p>Com o sal\u00e3o do CUFC repleto de idosos, volunt\u00e1rios e funcion\u00e1rios dos lares que puderam aderir a esta festa, os c\u00e2nticos de Natal e dos Reis, apresentados por grupos bem ensaiados e acompanhados por todos os presentes, serviram, n\u00e3o s\u00f3 para espalhar alegria, mas tamb\u00e9m para matar saudades. <\/p>\n<p>Pres\u00e9pio vivo com Reis e gente do povo com os seus presentes para o Menino, melodias que todos cantaram, poesia e fado que todos apreciaram, quadros com luz e movimento, onde gestos enternecedores marcaram presen\u00e7a, foram momentos ricos de um conv\u00edvio que tem de repetir-se todos os anos. A TUA \u2013 Tuna Universit\u00e1ria de Aveiro emprestou ao evento a sua arte e a sua alegria, que os menos jovens tanto apreciaram. <\/p>\n<p>Um lanche-conv\u00edvio, \u00e0 volta de mesas cheias de iguarias natal\u00edcias, deu ainda mais calor a esta iniciativa do CUFC, que o padre Alexandre Cruz, com toda a sua equipa, p\u00f4s de p\u00e9, para estimular a alegria e a s\u00e3 conviv\u00eancia, entre gente jovem de todas as idades.<\/p>\n<p>O Projecto Voluntariado a Lares de Idosos est\u00e1 a apoiar, neste momento, 11 institui\u00e7\u00f5es, sendo esta festa \u201co coroar de um trabalho organizado ao longo do ano, com o apoio sistematizado nos lares, semanalmente, de minigrupos de volunt\u00e1rios\u201d, recordou Helena Os\u00f3rio ao Correio do Vouga.<\/p>\n<p>Cada institui\u00e7\u00e3o abrangida recebe volunt\u00e1rios todas as semanas para ajudarem a anima\u00e7\u00e3o sociocultural, havendo \u201cum momento de gl\u00f3ria e de conv\u00edvio fraterno que \u00e9 a festa dos Reis\u201d, sublinhou aquela respons\u00e1vel. Ainda referiu que ao longo do ano h\u00e1 outras iniciativas semelhantes, em especial na P\u00e1scoa, na Festa da Fam\u00edlia, em Maio, na Festa das Vindimas, no final do Ver\u00e3o, e uma outra, no in\u00edcio do ano lectivo, em Novembro.<\/p>\n<p>O dr. H\u00e9lder Castanheira, do SAS-UA, ao dirigir-se aos idosos e demais pessoas envolvidas na festa, recordou os seus av\u00f3s, que j\u00e1 partiram deste mundo, \u201cmas de quem tem muitas saudades, porque foram sempre refer\u00eancias de vida\u201d que nunca esqueceu. Recomendou, depois, a todos, \u201cque continuassem sempre com este esp\u00edrito de participa\u00e7\u00e3o, de entrega, de persist\u00eancia\u201d, alimentando  \u201co percurso interior que nos levar\u00e1 a conhecer e a ensinar o verdadeiro sentido da vida\u201d aos mais jovens.<\/p>\n<p>F.M.<\/p>\n","protected":false},"excerpt":{"rendered":"<p>Festa dos Reis e do Ano Novo no CUFC<\/p>\n","protected":false},"author":1,"featured_media":0,"comment_status":"open","ping_status":"open","sticky":false,"template":"","format":"standard","meta":{"footnotes":""},"categories":[64],"tags":[],"class_list":["post-15827","post","type-post","status-publish","format-standard","hentry","category-geral"],"_links":{"self":[{"href":"https:\/\/sites.ecclesia.pt\/cv\/wp-json\/wp\/v2\/posts\/15827","targetHints":{"allow":["GET"]}}],"collection":[{"href":"https:\/\/sites.ecclesia.pt\/cv\/wp-json\/wp\/v2\/posts"}],"about":[{"href":"https:\/\/sites.ecclesia.pt\/cv\/wp-json\/wp\/v2\/types\/post"}],"author":[{"embeddable":true,"href":"https:\/\/sites.ecclesia.pt\/cv\/wp-json\/wp\/v2\/users\/1"}],"replies":[{"embeddable":true,"href":"https:\/\/sites.ecclesia.pt\/cv\/wp-json\/wp\/v2\/comments?post=15827"}],"version-history":[{"count":0,"href":"https:\/\/sites.ecclesia.pt\/cv\/wp-json\/wp\/v2\/posts\/15827\/revisions"}],"wp:attachment":[{"href":"https:\/\/sites.ecclesia.pt\/cv\/wp-json\/wp\/v2\/media?parent=15827"}],"wp:term":[{"taxonomy":"category","embeddable":true,"href":"https:\/\/sites.ecclesia.pt\/cv\/wp-json\/wp\/v2\/categories?post=15827"},{"taxonomy":"post_tag","embeddable":true,"href":"https:\/\/sites.ecclesia.pt\/cv\/wp-json\/wp\/v2\/tags?post=15827"}],"curies":[{"name":"wp","href":"https:\/\/api.w.org\/{rel}","templated":true}]}}