{"id":15829,"date":"2006-04-03T14:44:00","date_gmt":"2006-04-03T14:44:00","guid":{"rendered":"http:\/\/localhost:81\/wp1\/?p=15829"},"modified":"2006-04-03T14:44:00","modified_gmt":"2006-04-03T14:44:00","slug":"isabel-pereira-deixa-museu-de-aveiro","status":"publish","type":"post","link":"https:\/\/sites.ecclesia.pt\/cv\/isabel-pereira-deixa-museu-de-aveiro\/","title":{"rendered":"Isabel Pereira deixa Museu de Aveiro"},"content":{"rendered":"<p>Depois da reforma <!--more--> Com um trabalho prof\u00edcuo que realizou durante seis anos, Isabel Pereira, depois de ter recebido a comunica\u00e7\u00e3o de reforma, deixou o Museu de Aveiro, ficando a substitui-la, provisoriamente, Maria da Luz Nolasco, com quem trabalhou durante o tempo em que aquela investigadora esteve \u00e0 frente deste Museu.<\/p>\n<p>No dizer de abalizados t\u00e9cnicos e das suas mais directas colaboradoras, Isabel Pereira deixa uma valiosa obra, abrindo, na medida do poss\u00edvel, o Museu de Aveiro \u00e0 comunidade.<\/p>\n<p>Segundo a equipa que colaborou com Isabel Pereira, incluindo Maria da Luz Nolasco, a \u201csua direc\u00e7\u00e3o e coordena\u00e7\u00e3o cient\u00edfica foi a todos poss\u00edvel desenvolver um trabalho que julgamos no futuro possa ser um contributo marcante para esta institui\u00e7\u00e3o, sendo que este envolveu o invent\u00e1rio das colec\u00e7\u00f5es, a organiza\u00e7\u00e3o de exposi\u00e7\u00f5es, dentro e fora de portas, bem como a enriquecedora permuta de relacionamento com outras institui\u00e7\u00f5es culturais\u201d, sublinhando a equipa t\u00e9cnica que \u201ca experi\u00eancia adquirida resulta da grande identidade e da cumplicidade de toda uma equipa que, s\u00f3 sob a orienta\u00e7\u00e3o de algu\u00e9m com a sensibilidade da Dra Isabel de Sousa Pereira, foi poss\u00edvel atingir.\u201d<\/p>\n","protected":false},"excerpt":{"rendered":"<p>Depois da reforma<\/p>\n","protected":false},"author":1,"featured_media":0,"comment_status":"open","ping_status":"open","sticky":false,"template":"","format":"standard","meta":{"footnotes":""},"categories":[66],"tags":[],"class_list":["post-15829","post","type-post","status-publish","format-standard","hentry","category-cultura"],"_links":{"self":[{"href":"https:\/\/sites.ecclesia.pt\/cv\/wp-json\/wp\/v2\/posts\/15829","targetHints":{"allow":["GET"]}}],"collection":[{"href":"https:\/\/sites.ecclesia.pt\/cv\/wp-json\/wp\/v2\/posts"}],"about":[{"href":"https:\/\/sites.ecclesia.pt\/cv\/wp-json\/wp\/v2\/types\/post"}],"author":[{"embeddable":true,"href":"https:\/\/sites.ecclesia.pt\/cv\/wp-json\/wp\/v2\/users\/1"}],"replies":[{"embeddable":true,"href":"https:\/\/sites.ecclesia.pt\/cv\/wp-json\/wp\/v2\/comments?post=15829"}],"version-history":[{"count":0,"href":"https:\/\/sites.ecclesia.pt\/cv\/wp-json\/wp\/v2\/posts\/15829\/revisions"}],"wp:attachment":[{"href":"https:\/\/sites.ecclesia.pt\/cv\/wp-json\/wp\/v2\/media?parent=15829"}],"wp:term":[{"taxonomy":"category","embeddable":true,"href":"https:\/\/sites.ecclesia.pt\/cv\/wp-json\/wp\/v2\/categories?post=15829"},{"taxonomy":"post_tag","embeddable":true,"href":"https:\/\/sites.ecclesia.pt\/cv\/wp-json\/wp\/v2\/tags?post=15829"}],"curies":[{"name":"wp","href":"https:\/\/api.w.org\/{rel}","templated":true}]}}