{"id":15830,"date":"2006-04-03T14:44:00","date_gmt":"2006-04-03T14:44:00","guid":{"rendered":"http:\/\/localhost:81\/wp1\/?p=15830"},"modified":"2006-04-03T14:44:00","modified_gmt":"2006-04-03T14:44:00","slug":"desemprego-problema-tambem-local","status":"publish","type":"post","link":"https:\/\/sites.ecclesia.pt\/cv\/desemprego-problema-tambem-local\/","title":{"rendered":"Desemprego &#8211; Problema (tamb\u00e9m) local"},"content":{"rendered":"<p>Quest\u00f5es Sociais <!--more--> 1.O desemprego \u00e9 um problema global: observa-se em todos os pa\u00edses e localidades; pode atingir a generalidade das fam\u00edlias; afecta os desempregados e suas fam\u00edlias nas dimens\u00f5es psicol\u00f3gicas, relacionais, sociais, culturais, econ\u00f3micas&#8230; Dada a sua relev\u00e2ncia extrema, \u00e9 considerado, h\u00e1 d\u00e9cadas, uma quest\u00e3o b\u00e1sica para os governos e para algumas organiza\u00e7\u00f5es internacionais. Tamb\u00e9m os partidos pol\u00edticos, os parceiros sociais (sindicais e patronais) bem como outras entidades e movimentos lhe atribuem alta prioridade.<\/p>\n<p>Dir-se-\u00e1 que o desemprego vem sendo assumido como problema macro (econ\u00f3mico e social), enquanto a n\u00edvel micro (de cada pessoa e fam\u00edlia) \u00e9 vivido com toda a intensidade e, n\u00e3o raro, com enorme sofrimento.<\/p>\n<p>2. Acontece por\u00e9m que, entre os n\u00edveis macro e micro, se verifica, em geral, um vazio impressionante. Salvo honrosas excep\u00e7\u00f5es, n\u00e3o existem estruturas nem dinamismos, a n\u00edvel de freguesia, concelho e distrito, comprometidos no conhecimento e solu\u00e7\u00e3o dos problemas de desemprego, e de outros com ele relacionados.<\/p>\n<p>Os \u00f3rg\u00e3os aut\u00e1rquicos e os Governos Civis s\u00e3o as entidades mais indicadas para a promo\u00e7\u00e3o destes dinamismos, t\u00e3o necess\u00e1rios. No entanto, nada obsta a que outras entidades tomem as iniciativas que tiverem por convenientes. Nada obsta, nomeadamente, a que d\u00eaem o seu contributo activo e co-respons\u00e1vel para que as autarquias locais e os governos civis assumam as suas responsabilidades espec\u00edficas.<\/p>\n<p>3. As par\u00f3quias, as dioceses, os movimentos da Ac\u00e7\u00e3o Cat\u00f3lica, os grupos de ac\u00e7\u00e3o social ou sociocaritativa, os centros sociais paroquiais, outras institui\u00e7\u00f5es particulares de solidariedade social, a C\u00e1ritas e a Sociedade de S. Vicente de Paulo acham-se particularmente credenciados para tomarem iniciativas neste dom\u00ednio. De prefer\u00eancia n\u00e3o isoladamente, mas sim em coopera\u00e7\u00e3o ou em parceria.<\/p>\n<p>Ali\u00e1s, o esfor\u00e7o pioneiro j\u00e1 realizado por algumas destas entidades pode constituir um factor de est\u00edmulo e tamb\u00e9m de aprendizagem, a partir dos bens e dos maus resultados.<\/p>\n","protected":false},"excerpt":{"rendered":"<p>Quest\u00f5es Sociais<\/p>\n","protected":false},"author":1,"featured_media":0,"comment_status":"open","ping_status":"open","sticky":false,"template":"","format":"standard","meta":{"footnotes":""},"categories":[61],"tags":[],"class_list":["post-15830","post","type-post","status-publish","format-standard","hentry","category-actualidade"],"_links":{"self":[{"href":"https:\/\/sites.ecclesia.pt\/cv\/wp-json\/wp\/v2\/posts\/15830","targetHints":{"allow":["GET"]}}],"collection":[{"href":"https:\/\/sites.ecclesia.pt\/cv\/wp-json\/wp\/v2\/posts"}],"about":[{"href":"https:\/\/sites.ecclesia.pt\/cv\/wp-json\/wp\/v2\/types\/post"}],"author":[{"embeddable":true,"href":"https:\/\/sites.ecclesia.pt\/cv\/wp-json\/wp\/v2\/users\/1"}],"replies":[{"embeddable":true,"href":"https:\/\/sites.ecclesia.pt\/cv\/wp-json\/wp\/v2\/comments?post=15830"}],"version-history":[{"count":0,"href":"https:\/\/sites.ecclesia.pt\/cv\/wp-json\/wp\/v2\/posts\/15830\/revisions"}],"wp:attachment":[{"href":"https:\/\/sites.ecclesia.pt\/cv\/wp-json\/wp\/v2\/media?parent=15830"}],"wp:term":[{"taxonomy":"category","embeddable":true,"href":"https:\/\/sites.ecclesia.pt\/cv\/wp-json\/wp\/v2\/categories?post=15830"},{"taxonomy":"post_tag","embeddable":true,"href":"https:\/\/sites.ecclesia.pt\/cv\/wp-json\/wp\/v2\/tags?post=15830"}],"curies":[{"name":"wp","href":"https:\/\/api.w.org\/{rel}","templated":true}]}}