{"id":15831,"date":"2006-04-03T14:44:00","date_gmt":"2006-04-03T14:44:00","guid":{"rendered":"http:\/\/localhost:81\/wp1\/?p=15831"},"modified":"2006-04-03T14:44:00","modified_gmt":"2006-04-03T14:44:00","slug":"sao-goncalinho","status":"publish","type":"post","link":"https:\/\/sites.ecclesia.pt\/cv\/sao-goncalinho\/","title":{"rendered":"S\u00e3o Gon\u00e7alinho"},"content":{"rendered":"<p>\u00daltima Coluna <!--more--> Depois de Santa Joana, pensamos que S\u00e3o Gon\u00e7alinho \u00e9 o santo mais venerado pelas gentes aveirenses. Em boa verdade, podia ser um segundo padroeiro da cidade, tal \u00e9 o carinho com que dele se fala, como se fala da protec\u00e7\u00e3o que dispensa ao Beira-Mar, de quem, \u00e0s vezes, parece que se esquece. <\/p>\n<p>Diz a lenda que o Beira-Mar nunca perde no dia de S\u00e3o Gon\u00e7alinho, mas a verdade \u00e9 que nem sempre isso se verifica, talvez por treinador e jogadores se esquecerem de lhe pedir a sua protec\u00e7\u00e3o e b\u00ean\u00e7\u00e3o. Afinal, a culpa n\u00e3o ser\u00e1 do santo, mas de quem dele se n\u00e3o lembra nas horas mais dif\u00edceis&#8230;<\/p>\n<p>Enquanto Santa Joana \u00e9 venerada pelas suas virtudes que a hist\u00f3ria regista, voltadas para Deus e para as gentes a quem se entregou, S\u00e3o Gon\u00e7alinho \u00e9 venerado por raz\u00f5es que s\u00f3 o povo sente e que est\u00e3o nos seus cora\u00e7\u00e3o. Quando se fala deste santo que os aveirenses, sobretudo os da beira-mar, h\u00e1 muito adoptaram como seu, pressente-se uma ternura que n\u00e3o \u00e9 muito comum nos dias de hoje. <\/p>\n<p>Por tudo isso, a S\u00e3o Gon\u00e7alinho se recorre em muitas situa\u00e7\u00f5es de doen\u00e7a e at\u00e9 h\u00e1 quem garanta que em casos especiais n\u00e3o deixar\u00e1 de dar uma ajuda na escolha de noivo ou noiva para casar. E a prova de que os milagres que ele consegue junto de Deus s\u00e3o frequentes est\u00e1 nas muitas promessas que s\u00e3o  pagas com cavacas que s\u00e3o lan\u00e7adas, \u00e0s toneladas, do cimo da igreja, para os muitos devotos que anseiam por comer o doce aben\u00e7oado e que alimenta, ao menos por mais um ano, a devo\u00e7\u00e3o pelo venerado S\u00e3o Gon-\u00e7alinho.<\/p>\n<p>F.M.<\/p>\n","protected":false},"excerpt":{"rendered":"<p>\u00daltima Coluna<\/p>\n","protected":false},"author":1,"featured_media":0,"comment_status":"open","ping_status":"open","sticky":false,"template":"","format":"standard","meta":{"footnotes":""},"categories":[61],"tags":[],"class_list":["post-15831","post","type-post","status-publish","format-standard","hentry","category-actualidade"],"_links":{"self":[{"href":"https:\/\/sites.ecclesia.pt\/cv\/wp-json\/wp\/v2\/posts\/15831","targetHints":{"allow":["GET"]}}],"collection":[{"href":"https:\/\/sites.ecclesia.pt\/cv\/wp-json\/wp\/v2\/posts"}],"about":[{"href":"https:\/\/sites.ecclesia.pt\/cv\/wp-json\/wp\/v2\/types\/post"}],"author":[{"embeddable":true,"href":"https:\/\/sites.ecclesia.pt\/cv\/wp-json\/wp\/v2\/users\/1"}],"replies":[{"embeddable":true,"href":"https:\/\/sites.ecclesia.pt\/cv\/wp-json\/wp\/v2\/comments?post=15831"}],"version-history":[{"count":0,"href":"https:\/\/sites.ecclesia.pt\/cv\/wp-json\/wp\/v2\/posts\/15831\/revisions"}],"wp:attachment":[{"href":"https:\/\/sites.ecclesia.pt\/cv\/wp-json\/wp\/v2\/media?parent=15831"}],"wp:term":[{"taxonomy":"category","embeddable":true,"href":"https:\/\/sites.ecclesia.pt\/cv\/wp-json\/wp\/v2\/categories?post=15831"},{"taxonomy":"post_tag","embeddable":true,"href":"https:\/\/sites.ecclesia.pt\/cv\/wp-json\/wp\/v2\/tags?post=15831"}],"curies":[{"name":"wp","href":"https:\/\/api.w.org\/{rel}","templated":true}]}}