{"id":15833,"date":"2006-04-03T14:44:00","date_gmt":"2006-04-03T14:44:00","guid":{"rendered":"http:\/\/localhost:81\/wp1\/?p=15833"},"modified":"2006-04-03T14:44:00","modified_gmt":"2006-04-03T14:44:00","slug":"criancas-com-dificuldades-vao-ser-mais-apoiadas","status":"publish","type":"post","link":"https:\/\/sites.ecclesia.pt\/cv\/criancas-com-dificuldades-vao-ser-mais-apoiadas\/","title":{"rendered":"Crian\u00e7as com dificuldades v\u00e3o ser mais apoiadas"},"content":{"rendered":"<p>As crian\u00e7as com necessidades educativas especiais v\u00e3o passar a ser mais apoiadas. Quem o garante \u00e9 o ministro da Educa\u00e7\u00e3o, David Justino, ao anunciar a cria\u00e7\u00e3o de Centros de Apoio Social Escolar (CASE), que ficar\u00e3o respons\u00e1veis por identificar futuros casos, acompanhando todo o seu processo individual.<\/p>\n<p>O Minist\u00e9rio da Educa\u00e7\u00e3o pretende criar uma rede de 150 CASE, nos pr\u00f3ximos dois anos, para actuarem no dom\u00ednio da educa\u00e7\u00e3o especial, evitando que \u201cinclus\u00e3o das crian\u00e7as nas escolas se transforme em exclus\u00e3o\u201d. Tamb\u00e9m se pretende que estas novas estruturas promovam o sucesso escolar, combatendo, ao mesmo tempo, o abandono.<\/p>\n<p>O novo diploma, que est\u00e1 em prepara\u00e7\u00e3o, prev\u00ea, entretanto, a redu\u00e7\u00e3o do n\u00famero de alunos em turmas com crian\u00e7as ou jovens com necessidades educativas especiais, tanto nos ensinos Pr\u00e9-Escolar e B\u00e1sico, como no Secund\u00e1rio. Estas turmas n\u00e3o devem ter mais de 18 alunos.<\/p>\n","protected":false},"excerpt":{"rendered":"<p>As crian\u00e7as com necessidades educativas especiais v\u00e3o passar a ser mais apoiadas. Quem o garante \u00e9 o ministro da Educa\u00e7\u00e3o, David Justino, ao anunciar a cria\u00e7\u00e3o de Centros de Apoio Social Escolar (CASE), que ficar\u00e3o respons\u00e1veis por identificar futuros casos, acompanhando todo o seu processo individual. O Minist\u00e9rio da Educa\u00e7\u00e3o pretende criar uma rede de [&hellip;]<\/p>\n","protected":false},"author":1,"featured_media":0,"comment_status":"open","ping_status":"open","sticky":false,"template":"","format":"standard","meta":{"footnotes":""},"categories":[61],"tags":[],"class_list":["post-15833","post","type-post","status-publish","format-standard","hentry","category-actualidade"],"_links":{"self":[{"href":"https:\/\/sites.ecclesia.pt\/cv\/wp-json\/wp\/v2\/posts\/15833","targetHints":{"allow":["GET"]}}],"collection":[{"href":"https:\/\/sites.ecclesia.pt\/cv\/wp-json\/wp\/v2\/posts"}],"about":[{"href":"https:\/\/sites.ecclesia.pt\/cv\/wp-json\/wp\/v2\/types\/post"}],"author":[{"embeddable":true,"href":"https:\/\/sites.ecclesia.pt\/cv\/wp-json\/wp\/v2\/users\/1"}],"replies":[{"embeddable":true,"href":"https:\/\/sites.ecclesia.pt\/cv\/wp-json\/wp\/v2\/comments?post=15833"}],"version-history":[{"count":0,"href":"https:\/\/sites.ecclesia.pt\/cv\/wp-json\/wp\/v2\/posts\/15833\/revisions"}],"wp:attachment":[{"href":"https:\/\/sites.ecclesia.pt\/cv\/wp-json\/wp\/v2\/media?parent=15833"}],"wp:term":[{"taxonomy":"category","embeddable":true,"href":"https:\/\/sites.ecclesia.pt\/cv\/wp-json\/wp\/v2\/categories?post=15833"},{"taxonomy":"post_tag","embeddable":true,"href":"https:\/\/sites.ecclesia.pt\/cv\/wp-json\/wp\/v2\/tags?post=15833"}],"curies":[{"name":"wp","href":"https:\/\/api.w.org\/{rel}","templated":true}]}}