{"id":15834,"date":"2006-04-03T14:44:00","date_gmt":"2006-04-03T14:44:00","guid":{"rendered":"http:\/\/localhost:81\/wp1\/?p=15834"},"modified":"2006-04-03T14:44:00","modified_gmt":"2006-04-03T14:44:00","slug":"golpe-de-estadio","status":"publish","type":"post","link":"https:\/\/sites.ecclesia.pt\/cv\/golpe-de-estadio\/","title":{"rendered":"Golpe de Est\u00e1dio!"},"content":{"rendered":"<p>Ponta de Lan\u00e7a <!--more--> A express\u00e3o aplica-se perfeitamente ao estado de esp\u00edrito que se vive entre os aveirenses (em toda a latitude da regi\u00e3o) que gostam de futebol e se identificam com o Beira Mar e com as coisas de Aveiro. Indo \u00e0 boleia do t\u00edtulo da obra de Marinho Neves (de 1996, um romance sobre a corrup\u00e7\u00e3o do futebol portugu\u00eas) alia-se semanticamente \u00e0 ideia de \u201cgolpe de Estado\u201d!<\/p>\n<p>Ora acontece que, bebendo tamb\u00e9m inspira\u00e7\u00e3o na cr\u00f3nica de Jos\u00e9 Eduardo Agualusa (fronteiras perdidas) sobre \u201ca pol\u00edtica real dos casamentos\u201d, apresentada na P\u00fablica (n\u00ba 398, de 11 de Janeiro de 2004), a prop\u00f3sito do casamento de uma filha do presidente angolano e dos problemas s\u00f3cio-pl\u00edticos que provocou, o cronista reflecte sobre se seria poss\u00edvel um golpe de Estado num pa\u00eds onde n\u00e3o existe Estado?! <\/p>\n<p>Aqui nasce o nosso paralelismo, \u00e9 preciso unir esfor\u00e7os e fazer um aut\u00eantico \u201cgolpe de est\u00e1dio\u201d em Aveiro. As raz\u00f5es:<\/p>\n<p>&#8211; um est\u00e1dio, como tudo, s\u00f3 o \u00e9 quando existe. Portanto, se ali para os lados de Taboeira h\u00e1 uma escadaria com cadeiras e um relvado no centro, por mais bonito que esteja, n\u00e3o passa disso, ali\u00e1s, passa disso sim senhor, a \u00fanica infra-estrutura complementar que lhe d\u00e1 utilidade s\u00e3o as (muitas) casas de banho, nada mais. Portanto, uma obra t\u00e3o dispendiosa\u2026 para albergar casas de banho! Claro, estou a falar do comum dos mortais, dos que pagam o seu bilhete, as suas cotas, etc.<\/p>\n<p>&#8211; ningu\u00e9m, por mais apaixonado que seja, pode pactuar com tamanha hipocrisia pol\u00edtico-profissional. A C\u00e2mara Municipal de Aveiro, para al\u00e9m de dar despacho a documenta\u00e7\u00e3o de obras particulares tarde e a m\u00e1s horas (quando o d\u00e1) e depois de ter meses o pagamento efectuado, faz exig\u00eancias e mais exig\u00eancias ao mun\u00edcipe. E ali, quem faz a vistoria? N\u00e3o \u00e9 admiss\u00edvel questionar esta hipocrisia ou incompet\u00eancia?<\/p>\n<p>&#8211; Aveiro (as pessoas de Aveiro, as pessoas, sempre em primeiro) s\u00e3o mais importantes que dois falaciosos jogos do Euro. Somos n\u00f3s que ficamos depois da festa, caros senhores. Ent\u00e3o onde p\u00e1ra a pol\u00edcia, a organiza\u00e7\u00e3o, o respeito digno de pa\u00edses do Euro e da Europa.<\/p>\n<p>E porque temos de ficar por aqui, pode-se acrescentar que o que se passa \u00e0 volta do Est\u00e1dio de Aveiro (mesmo em todas as dimens\u00f5es da quest\u00e3o sem\u00e2ntica) \u00e9 de terceiro mundo!<\/p>\n<p>Desportivamente\u2026 pelo desporto!<\/p>\n","protected":false},"excerpt":{"rendered":"<p>Ponta de Lan\u00e7a<\/p>\n","protected":false},"author":1,"featured_media":0,"comment_status":"open","ping_status":"open","sticky":false,"template":"","format":"standard","meta":{"footnotes":""},"categories":[46],"tags":[],"class_list":["post-15834","post","type-post","status-publish","format-standard","hentry","category-desporto"],"_links":{"self":[{"href":"https:\/\/sites.ecclesia.pt\/cv\/wp-json\/wp\/v2\/posts\/15834","targetHints":{"allow":["GET"]}}],"collection":[{"href":"https:\/\/sites.ecclesia.pt\/cv\/wp-json\/wp\/v2\/posts"}],"about":[{"href":"https:\/\/sites.ecclesia.pt\/cv\/wp-json\/wp\/v2\/types\/post"}],"author":[{"embeddable":true,"href":"https:\/\/sites.ecclesia.pt\/cv\/wp-json\/wp\/v2\/users\/1"}],"replies":[{"embeddable":true,"href":"https:\/\/sites.ecclesia.pt\/cv\/wp-json\/wp\/v2\/comments?post=15834"}],"version-history":[{"count":0,"href":"https:\/\/sites.ecclesia.pt\/cv\/wp-json\/wp\/v2\/posts\/15834\/revisions"}],"wp:attachment":[{"href":"https:\/\/sites.ecclesia.pt\/cv\/wp-json\/wp\/v2\/media?parent=15834"}],"wp:term":[{"taxonomy":"category","embeddable":true,"href":"https:\/\/sites.ecclesia.pt\/cv\/wp-json\/wp\/v2\/categories?post=15834"},{"taxonomy":"post_tag","embeddable":true,"href":"https:\/\/sites.ecclesia.pt\/cv\/wp-json\/wp\/v2\/tags?post=15834"}],"curies":[{"name":"wp","href":"https:\/\/api.w.org\/{rel}","templated":true}]}}