{"id":15835,"date":"2006-04-03T14:44:00","date_gmt":"2006-04-03T14:44:00","guid":{"rendered":"http:\/\/localhost:81\/wp1\/?p=15835"},"modified":"2006-04-03T14:44:00","modified_gmt":"2006-04-03T14:44:00","slug":"gracas-a-deus","status":"publish","type":"post","link":"https:\/\/sites.ecclesia.pt\/cv\/gracas-a-deus\/","title":{"rendered":"Gra\u00e7as a Deus!"},"content":{"rendered":"<p>1 &#8211; A hist\u00f3ria dos conclaves regista tamb\u00e9m alguns epis\u00f3dios pouco edificantes, ou mesmo rid\u00edculos. Ainda que sem o telhado na sala de conclave &#8211; para facilitar a descida do Esp\u00edrito Santo, diriam alguns! &#8211; os eleitores cumpriram, por vezes, o bom humor de um dos recentes Papas, que contava esta anedota: \u201cJesus Cristo pediu ao Pai do C\u00e9u uma explica\u00e7\u00e3o: &#8211; Meu Pai, quem s\u00e3o os cl\u00e9rigos? &#8211; Meu Filho, vai perguntar ao Esp\u00edrito Santo. E o Esp\u00edrito Santo deu a explica\u00e7\u00e3o: &#8211; S\u00e3o uns senhores muito piedosos que, antes de fazerem alguma coisa, Me invocam; mas, quando Eu chego, muitas vezes, j\u00e1 eles decidiram tudo!\u201d<\/p>\n<p>2 &#8211; As situa\u00e7\u00f5es pouco edificantes resultaram sempre da intromiss\u00e3o dos senhores, dos pol\u00edticos; foram consequ\u00eancia da preval\u00eancia dos c\u00e1lculos humanos sobre a serena obedi\u00eancia ao Esp\u00edrito; resultaram dos vetos, dos jogos de interesses, da perfeita ignor\u00e2ncia da miss\u00e3o da Igreja e do minist\u00e9rio petrino. Mesmo assim, tais situa\u00e7\u00f5es podem recordar-nos que a Igreja \u00e9 santa na sua funda\u00e7\u00e3o, no Esp\u00edrito que a anima; mas carrega o pecado dos humanos que a comp\u00f5em. E nem tudo foi perdido, j\u00e1 que, nessas circunst\u00e2ncias, algumas vezes a ci\u00eancia, a arte, a organiza\u00e7\u00e3o e a administra\u00e7\u00e3o se revelaram manifesta\u00e7\u00f5es enriquecedoras do patrim\u00f3nio oferecido pela Igreja \u00e0 Humanidade.<\/p>\n<p>3 &#8211; N\u00e3o \u00e9 aus\u00eancia de liberdade e consci\u00eancia de escolha o di\u00e1logo que os cardeais eleitores possam realizar previamente entre si, em busca da percep\u00e7\u00e3o do que o Esp\u00edrito queira dizer \u00e0 Igreja, na compreens\u00e3o das prioridades que se coloquem ao servi\u00e7o da Igreja no Mundo de cada tempo e cada lugar. Nem ser\u00e1 de estranhar que diferentes perspectivas  da vida eclesial, que a diversidade de movimentos e tend\u00eancias vivam alguma tens\u00e3o, na busca da verdade. A manifesta\u00e7\u00e3o do Esp\u00edrito n\u00e3o \u00e9 linear; o debate torna-se esclarecedor e enriquece, abre horizontes.<\/p>\n<p>4 &#8211; Quem analisa, por dentro e com amor \u00e0 Igreja, imbu\u00eddo do esp\u00edrito de miss\u00e3o, sens\u00edvel \u00e0s circunst\u00e2ncias do Mundo, os conclaves dos \u00faltimos cem anos, n\u00e3o pode deixar de dar gra\u00e7as a Deus, pela forma expl\u00edcita como o Senhor acompanha o Seu rebanho. Com surpresa para muitos, da clausura dos cardeais sa\u00edram verdadeiros dons inestim\u00e1veis de Deus \u00e0 Sua Igreja, para bem da Humanidade, mau grado aqueles que desejam tornar a mesma Igreja insignificante reclamem, frustrados, porque o Esp\u00edrito lhes escapa. <\/p>\n<p>5 &#8211; Para quem interessa, sem d\u00favida, o relativismo desintegrador do Homem, a anomia moral resultante da fragmenta\u00e7\u00e3o dos princ\u00edpios, a nova religi\u00e3o do laicismo, a toler\u00e2ncia que \u00e9 dilui\u00e7\u00e3o de qualquer identidade&#8230;, incomoda a perspectiva de um sucessor de Pedro que se afirme pelo servi\u00e7o da Verdade, pela insist\u00eancia na clareza e seguran\u00e7a da F\u00e9, como poder\u00e1 ser o nosso papa Bento XVI. Gra\u00e7as a Deus, quando algu\u00e9m nos inspira a \u201cdeitar a m\u00e3o ao arado sem olhar para tr\u00e1s\u201d e a mant\u00ea-lo firme, para tornar a terra apta para a sementeira. <\/p>\n","protected":false},"excerpt":{"rendered":"<p>1 &#8211; A hist\u00f3ria dos conclaves regista tamb\u00e9m alguns epis\u00f3dios pouco edificantes, ou mesmo rid\u00edculos. Ainda que sem o telhado na sala de conclave &#8211; para facilitar a descida do Esp\u00edrito Santo, diriam alguns! &#8211; os eleitores cumpriram, por vezes, o bom humor de um dos recentes Papas, que contava esta anedota: \u201cJesus Cristo pediu [&hellip;]<\/p>\n","protected":false},"author":1,"featured_media":0,"comment_status":"open","ping_status":"open","sticky":false,"template":"","format":"standard","meta":{"footnotes":""},"categories":[47],"tags":[],"class_list":["post-15835","post","type-post","status-publish","format-standard","hentry","category-editorial"],"_links":{"self":[{"href":"https:\/\/sites.ecclesia.pt\/cv\/wp-json\/wp\/v2\/posts\/15835","targetHints":{"allow":["GET"]}}],"collection":[{"href":"https:\/\/sites.ecclesia.pt\/cv\/wp-json\/wp\/v2\/posts"}],"about":[{"href":"https:\/\/sites.ecclesia.pt\/cv\/wp-json\/wp\/v2\/types\/post"}],"author":[{"embeddable":true,"href":"https:\/\/sites.ecclesia.pt\/cv\/wp-json\/wp\/v2\/users\/1"}],"replies":[{"embeddable":true,"href":"https:\/\/sites.ecclesia.pt\/cv\/wp-json\/wp\/v2\/comments?post=15835"}],"version-history":[{"count":0,"href":"https:\/\/sites.ecclesia.pt\/cv\/wp-json\/wp\/v2\/posts\/15835\/revisions"}],"wp:attachment":[{"href":"https:\/\/sites.ecclesia.pt\/cv\/wp-json\/wp\/v2\/media?parent=15835"}],"wp:term":[{"taxonomy":"category","embeddable":true,"href":"https:\/\/sites.ecclesia.pt\/cv\/wp-json\/wp\/v2\/categories?post=15835"},{"taxonomy":"post_tag","embeddable":true,"href":"https:\/\/sites.ecclesia.pt\/cv\/wp-json\/wp\/v2\/tags?post=15835"}],"curies":[{"name":"wp","href":"https:\/\/api.w.org\/{rel}","templated":true}]}}