{"id":15836,"date":"2006-04-03T14:44:00","date_gmt":"2006-04-03T14:44:00","guid":{"rendered":"http:\/\/localhost:81\/wp1\/?p=15836"},"modified":"2006-04-03T14:44:00","modified_gmt":"2006-04-03T14:44:00","slug":"cardeal-ratzinger-entre-timor-e-o-segredo-de-fatima","status":"publish","type":"post","link":"https:\/\/sites.ecclesia.pt\/cv\/cardeal-ratzinger-entre-timor-e-o-segredo-de-fatima\/","title":{"rendered":"Cardeal Ratzinger entre Timor e o Segredo de F\u00e1tima"},"content":{"rendered":"<p>Mem\u00f3ria CV &#8211; H\u00e1 9 anos <!--more--> Como Prefeito da Congrega\u00e7\u00e3o da Doutrina da F\u00e9, o Cardeal Ratzinger ocupava necessariamente um lugar de destaque. Era o terceiro na hierarquia da Igreja, depois do Papa e do Secret\u00e1rio de Estado da Santa S\u00e9.<\/p>\n<p>No dia 13 de Outubro de 1996, Ratzinger veio a F\u00e1ti-ma, na chamada \u201cPeregrina\u00e7\u00e3o Internacional Anivers\u00e1-ria\u201d, que reuniu cerca de 250 mil peregrinos no Santu\u00e1rio e atraiu uma imensid\u00e3o de jornalistas. O Correio do Vou-ga tamb\u00e9m l\u00e1 esteve e deu not\u00edcia na edi\u00e7\u00e3o de 16-10-1996.<\/p>\n<p>Num artigo assinado por Daniel Rodrigues, refere-se que o Cardeal Ratzinger fez uma homilia sobre as Bodas de Can\u00e1 (ver excerto dessa homilia na \u00faltima p\u00e1gina), muito apreciada por D. Duarte de Bragan\u00e7a e D. Isabel Her\u00e9dia, que sublinhou ao jornalista do CV que era a primeira vez que ia a F\u00e1tima \u201ccomo m\u00e3e\u201d. Mas o grande tema da ocasi\u00e3o foi o Terceiro Segredo de F\u00e1tima. Disse o Prefeito da Congrega\u00e7\u00e3o da Doutrina da F\u00e9 que \u201co Segredo de F\u00e1tima n\u00e3o revela nenhuma trag\u00e9dia futura para a humanidade\u201d e n\u00e3o \u201ctem nada de essencial para a f\u00e9\u201d. O Segredo viria a ser revelado em Maio de 2000, com um coment\u00e1rio teol\u00f3gico deste cardeal, e foi interpretado como alus\u00e3o ao atentado de Jo\u00e3o Paulo II e \u00e0 persegui\u00e7\u00e3o dos crist\u00e3os ao longo do s\u00e9c. XX.<\/p>\n<p>Em Outubro de 1996, outro assunto estava em foco. D. Ximenes Belo e Ramos-Horta haviam sido designados \u201cPr\u00e9mio Nobel da Paz\u201d, no dia 11 de Outubro desse ano. Interrogado pelos jornalistas sobre se o Vaticano era pr\u00f3-Indon\u00e9sia, o Cardeal responde: \u201cN\u00e3o \u00e9 verdade. [O Vaticano] est\u00e1 no equil\u00edbrio, porque \u00e9 uma situa\u00e7\u00e3o muito complexa\u201d.<\/p>\n","protected":false},"excerpt":{"rendered":"<p>Mem\u00f3ria CV &#8211; H\u00e1 9 anos<\/p>\n","protected":false},"author":1,"featured_media":0,"comment_status":"open","ping_status":"open","sticky":false,"template":"","format":"standard","meta":{"footnotes":""},"categories":[48],"tags":[],"class_list":["post-15836","post","type-post","status-publish","format-standard","hentry","category-espaco-comum"],"_links":{"self":[{"href":"https:\/\/sites.ecclesia.pt\/cv\/wp-json\/wp\/v2\/posts\/15836","targetHints":{"allow":["GET"]}}],"collection":[{"href":"https:\/\/sites.ecclesia.pt\/cv\/wp-json\/wp\/v2\/posts"}],"about":[{"href":"https:\/\/sites.ecclesia.pt\/cv\/wp-json\/wp\/v2\/types\/post"}],"author":[{"embeddable":true,"href":"https:\/\/sites.ecclesia.pt\/cv\/wp-json\/wp\/v2\/users\/1"}],"replies":[{"embeddable":true,"href":"https:\/\/sites.ecclesia.pt\/cv\/wp-json\/wp\/v2\/comments?post=15836"}],"version-history":[{"count":0,"href":"https:\/\/sites.ecclesia.pt\/cv\/wp-json\/wp\/v2\/posts\/15836\/revisions"}],"wp:attachment":[{"href":"https:\/\/sites.ecclesia.pt\/cv\/wp-json\/wp\/v2\/media?parent=15836"}],"wp:term":[{"taxonomy":"category","embeddable":true,"href":"https:\/\/sites.ecclesia.pt\/cv\/wp-json\/wp\/v2\/categories?post=15836"},{"taxonomy":"post_tag","embeddable":true,"href":"https:\/\/sites.ecclesia.pt\/cv\/wp-json\/wp\/v2\/tags?post=15836"}],"curies":[{"name":"wp","href":"https:\/\/api.w.org\/{rel}","templated":true}]}}