{"id":15837,"date":"2006-04-03T14:44:00","date_gmt":"2006-04-03T14:44:00","guid":{"rendered":"http:\/\/localhost:81\/wp1\/?p=15837"},"modified":"2006-04-03T14:44:00","modified_gmt":"2006-04-03T14:44:00","slug":"limites","status":"publish","type":"post","link":"https:\/\/sites.ecclesia.pt\/cv\/limites\/","title":{"rendered":"Limite(s)"},"content":{"rendered":"<p>Olho de Lince <!--more--> Ainda bem! \u201cAs pens\u00f5es de reforma pagas pelo sistema p\u00fablico v\u00e3o passar a ter como limite m\u00e1ximo o sal\u00e1rio do Presidente da Rep\u00fablica. Uma limita\u00e7\u00e3o consensual \u00e0 esquerda e \u00e0 direita do espectro pol\u00edtico, desde h\u00e1 muito tempo, e defendida tamb\u00e9m pelo anterior ministro da Seguran\u00e7a Social, Bag\u00e3o F\u00e9lix.\u201d<\/p>\n<p>\u00c9 uma das decis\u00f5es que n\u00e3o apenas agrada, mas abre caminhos de maior justi\u00e7a social. \u00c9, de facto, um pequen\u00edssimo passo. Que urge ser seguido por outros! Por outros limites: que o sal\u00e1rio do Presidente da Rep\u00fablica, sem descurar o seu significado e encargo de Estado, n\u00e3o cres\u00e7a injustamente; que os limites da escala de reformas, at\u00e9 \u00e0 reforma m\u00ednima, tratem por igual a dignidade e o est\u00f4mago, a vida e os encargos de todos os portugueses! At\u00e9 porque nem todos podem ser presidentes da rep\u00fablica!<\/p>\n<p>E, j\u00e1 agora, mais dois passinhos: que o Rendimento de Inser\u00e7\u00e3o Social n\u00e3o seja um fomento de pregui\u00e7a e de parasitismo social; que os caminhos \u201csecretos\u201d de acumula\u00e7\u00e3o de reformas sejam esclarecidos, uma vez que n\u00e3o s\u00e3o iguais para todos!<\/p>\n","protected":false},"excerpt":{"rendered":"<p>Olho de Lince<\/p>\n","protected":false},"author":1,"featured_media":0,"comment_status":"open","ping_status":"open","sticky":false,"template":"","format":"standard","meta":{"footnotes":""},"categories":[48],"tags":[],"class_list":["post-15837","post","type-post","status-publish","format-standard","hentry","category-espaco-comum"],"_links":{"self":[{"href":"https:\/\/sites.ecclesia.pt\/cv\/wp-json\/wp\/v2\/posts\/15837","targetHints":{"allow":["GET"]}}],"collection":[{"href":"https:\/\/sites.ecclesia.pt\/cv\/wp-json\/wp\/v2\/posts"}],"about":[{"href":"https:\/\/sites.ecclesia.pt\/cv\/wp-json\/wp\/v2\/types\/post"}],"author":[{"embeddable":true,"href":"https:\/\/sites.ecclesia.pt\/cv\/wp-json\/wp\/v2\/users\/1"}],"replies":[{"embeddable":true,"href":"https:\/\/sites.ecclesia.pt\/cv\/wp-json\/wp\/v2\/comments?post=15837"}],"version-history":[{"count":0,"href":"https:\/\/sites.ecclesia.pt\/cv\/wp-json\/wp\/v2\/posts\/15837\/revisions"}],"wp:attachment":[{"href":"https:\/\/sites.ecclesia.pt\/cv\/wp-json\/wp\/v2\/media?parent=15837"}],"wp:term":[{"taxonomy":"category","embeddable":true,"href":"https:\/\/sites.ecclesia.pt\/cv\/wp-json\/wp\/v2\/categories?post=15837"},{"taxonomy":"post_tag","embeddable":true,"href":"https:\/\/sites.ecclesia.pt\/cv\/wp-json\/wp\/v2\/tags?post=15837"}],"curies":[{"name":"wp","href":"https:\/\/api.w.org\/{rel}","templated":true}]}}