{"id":15841,"date":"2006-04-03T14:44:00","date_gmt":"2006-04-03T14:44:00","guid":{"rendered":"http:\/\/localhost:81\/wp1\/?p=15841"},"modified":"2006-04-03T14:44:00","modified_gmt":"2006-04-03T14:44:00","slug":"trabalho-digno-justo-e-reconhecido","status":"publish","type":"post","link":"https:\/\/sites.ecclesia.pt\/cv\/trabalho-digno-justo-e-reconhecido\/","title":{"rendered":"Trabalho digno, justo e reconhecido"},"content":{"rendered":"<p>Comiss\u00e3o Justi\u00e7a a Paz em Valongo do Vouga <!--more--> Numa altura de crise econ\u00f3mica, importa reflectir nas propostas e solu\u00e7\u00f5es que os crist\u00e3os v\u00e3o dando no terreno, nomeadamente nos casos que exigem maior apoio social \u2013 este \u00e9 o objectivo do ser\u00e3o-reflex\u00e3o que a Comiss\u00e3o Diocesana Justi\u00e7a e Paz de Aveiro (CDJP) prop\u00f5e, no dia 29 de Abril, pelas 21h30, no Sal\u00e3o da Igreja de Valongo do Vouga. A reflex\u00e3o intitulada \u201cTrabalho digno, justo e reconhecido\u201d surge a prop\u00f3sito do 1\u00ba de Maio, Dia do Trabalhador, apoia-se na Carta Pastoral dos bispos portugueses \u201cResponsabilidade solid\u00e1ria pelo bem comum\u201d.<\/p>\n<p>Afirma Ant\u00f3nio Gon\u00e7alves, da CDJP, que, \u201capesar das dificuldades que muitas fam\u00edlias v\u00e3o sentindo, decorrentes de situa\u00e7\u00f5es de desemprego ou de trabalho prec\u00e1rio, vai havendo, contudo, formas de solidariedade entre as pessoas, em iniciativas dispersas que ajudam a inverter a situa\u00e7\u00e3o e s\u00e3o aut\u00eanticas \u2018janelas de esperan\u00e7a\u2019 que se abrem \u00e0queles que passam por maiores dificuldades\u201d.<\/p>\n<p>O encontro\/debate de Valongo do Vouga n\u00e3o pretende tanto fazer um diagn\u00f3stico dos n\u00fameros do desemprego, mas antes reflectir a posi\u00e7\u00e3o da Igreja em rela\u00e7\u00e3o ao mundo do trabalho. Nesse sentido, ser\u00e3o apresentados casos concretos de como enfrentar o despedimento, que possam servir de exemplo e incentivo a outros que se encontram em situa\u00e7\u00f5es semelhantes.<\/p>\n","protected":false},"excerpt":{"rendered":"<p>Comiss\u00e3o Justi\u00e7a a Paz em Valongo do Vouga<\/p>\n","protected":false},"author":1,"featured_media":0,"comment_status":"open","ping_status":"open","sticky":false,"template":"","format":"standard","meta":{"footnotes":""},"categories":[61],"tags":[],"class_list":["post-15841","post","type-post","status-publish","format-standard","hentry","category-actualidade"],"_links":{"self":[{"href":"https:\/\/sites.ecclesia.pt\/cv\/wp-json\/wp\/v2\/posts\/15841","targetHints":{"allow":["GET"]}}],"collection":[{"href":"https:\/\/sites.ecclesia.pt\/cv\/wp-json\/wp\/v2\/posts"}],"about":[{"href":"https:\/\/sites.ecclesia.pt\/cv\/wp-json\/wp\/v2\/types\/post"}],"author":[{"embeddable":true,"href":"https:\/\/sites.ecclesia.pt\/cv\/wp-json\/wp\/v2\/users\/1"}],"replies":[{"embeddable":true,"href":"https:\/\/sites.ecclesia.pt\/cv\/wp-json\/wp\/v2\/comments?post=15841"}],"version-history":[{"count":0,"href":"https:\/\/sites.ecclesia.pt\/cv\/wp-json\/wp\/v2\/posts\/15841\/revisions"}],"wp:attachment":[{"href":"https:\/\/sites.ecclesia.pt\/cv\/wp-json\/wp\/v2\/media?parent=15841"}],"wp:term":[{"taxonomy":"category","embeddable":true,"href":"https:\/\/sites.ecclesia.pt\/cv\/wp-json\/wp\/v2\/categories?post=15841"},{"taxonomy":"post_tag","embeddable":true,"href":"https:\/\/sites.ecclesia.pt\/cv\/wp-json\/wp\/v2\/tags?post=15841"}],"curies":[{"name":"wp","href":"https:\/\/api.w.org\/{rel}","templated":true}]}}