{"id":15843,"date":"2006-04-03T14:44:00","date_gmt":"2006-04-03T14:44:00","guid":{"rendered":"http:\/\/localhost:81\/wp1\/?p=15843"},"modified":"2006-04-03T14:44:00","modified_gmt":"2006-04-03T14:44:00","slug":"sacerdocio-existencial","status":"publish","type":"post","link":"https:\/\/sites.ecclesia.pt\/cv\/sacerdocio-existencial\/","title":{"rendered":"Sacerd\u00f3cio existencial"},"content":{"rendered":"<p>Reaprender&#8230; para viver melhor <!--more--> A Igreja, pelo mist\u00e9rio da entrega de Jesus Cristo, \u00e9 toda ela constitu\u00edda em Povo Sacerdotal, isto \u00e9, povo que, no seu quotidiano e em todas as vertentes da sua vida, cresce na santidade, envolve o mundo em santidade.<\/p>\n<p>A vida crist\u00e3 ligada \u00e0 Eucaristia vive-se a ritmo semanal, de Domingo a Domingo, e \u00e9 marcada pela viv\u00eancia evang\u00e9lica di\u00e1ria, que se alimenta da Eucaristia e tem o seu ponto mais alto, e sempre estimulante, de novo na celebra\u00e7\u00e3o eucar\u00edstica. \u00c9 sempre uma vida em que Deus \u00e9 louvado e reconhecido como o Senhor.<\/p>\n<p>O crescimento na santidade, de cada um de n\u00f3s e da comunidade, brota essencialmente da Eucaristia. Nela se faz continuamente presente e actuante o mist\u00e9rio da entrega de Cristo, que nos transforma. N\u00e3o h\u00e1, por isso, vida crist\u00e3 sem a Eucaristia. Longe de ser uma obriga\u00e7\u00e3o assumida penosamente, a Celebra\u00e7\u00e3o Dominical \u00e9 o ar que nos permite respirar como crist\u00e3os, \u00e9 o alimento que nos tonifica para preservarmos e consolidarmos a nossa identidade pessoal e comunit\u00e1ria. S\u00f3 a alegria nos poder\u00e1 possuir, pela possibilidade de acedermos ao \u201cdom por excel\u00eancia\u201d que nos faz o Senhor Jesus.<\/p>\n<p>Q.S.<\/p>\n","protected":false},"excerpt":{"rendered":"<p>Reaprender&#8230; para viver melhor<\/p>\n","protected":false},"author":1,"featured_media":0,"comment_status":"open","ping_status":"open","sticky":false,"template":"","format":"standard","meta":{"footnotes":""},"categories":[41],"tags":[],"class_list":["post-15843","post","type-post","status-publish","format-standard","hentry","category-eucaristia"],"_links":{"self":[{"href":"https:\/\/sites.ecclesia.pt\/cv\/wp-json\/wp\/v2\/posts\/15843","targetHints":{"allow":["GET"]}}],"collection":[{"href":"https:\/\/sites.ecclesia.pt\/cv\/wp-json\/wp\/v2\/posts"}],"about":[{"href":"https:\/\/sites.ecclesia.pt\/cv\/wp-json\/wp\/v2\/types\/post"}],"author":[{"embeddable":true,"href":"https:\/\/sites.ecclesia.pt\/cv\/wp-json\/wp\/v2\/users\/1"}],"replies":[{"embeddable":true,"href":"https:\/\/sites.ecclesia.pt\/cv\/wp-json\/wp\/v2\/comments?post=15843"}],"version-history":[{"count":0,"href":"https:\/\/sites.ecclesia.pt\/cv\/wp-json\/wp\/v2\/posts\/15843\/revisions"}],"wp:attachment":[{"href":"https:\/\/sites.ecclesia.pt\/cv\/wp-json\/wp\/v2\/media?parent=15843"}],"wp:term":[{"taxonomy":"category","embeddable":true,"href":"https:\/\/sites.ecclesia.pt\/cv\/wp-json\/wp\/v2\/categories?post=15843"},{"taxonomy":"post_tag","embeddable":true,"href":"https:\/\/sites.ecclesia.pt\/cv\/wp-json\/wp\/v2\/tags?post=15843"}],"curies":[{"name":"wp","href":"https:\/\/api.w.org\/{rel}","templated":true}]}}