{"id":15844,"date":"2006-04-03T14:44:00","date_gmt":"2006-04-03T14:44:00","guid":{"rendered":"http:\/\/localhost:81\/wp1\/?p=15844"},"modified":"2006-04-03T14:44:00","modified_gmt":"2006-04-03T14:44:00","slug":"actividades-pastorais-64","status":"publish","type":"post","link":"https:\/\/sites.ecclesia.pt\/cv\/actividades-pastorais-64\/","title":{"rendered":"Actividades Pastorais"},"content":{"rendered":"<p>Na quinta feira, o senhor Bispo recebeu v\u00e1rios sacerdotes, visitou as obras da igreja da Gafanha da Nazar\u00e9 e recebeu a Superiora Provincial das Irm\u00e3s Filhas de Cristo Rei, que t\u00eam comunidade na Murtosa. Continuou a receber diocesanos, na sexta feira, visitou no Hospital, mais uma vez, o P. Manuel Marques Dias, e reuniu-se, \u00e0 noite, com os crismandos da par\u00f3quia de Aradas.<\/p>\n<p>No s\u00e1bado \u00e0 tarde, presidiu, na S\u00e9 Catedral, \u00e0 celebra\u00e7\u00e3o de ac\u00e7\u00e3o de gra\u00e7as a Deus pelo novo Papa Bento XVI.<\/p>\n<p>No Domingo, esteve na par\u00f3quia de Ancas na assembleia diocesana dos \u201cgrupos Caritas\u201d e de tarde, em F\u00e1tima, participou na ordena\u00e7\u00e3o episcopal de  D. Anacleto de Oliveira, enviado como auxiliar do Patriarca de Lisboa.<\/p>\n<p>Na ter\u00e7a feira, presidiu, no Semin\u00e1rio, \u00e0 reuni\u00e3o mensal dos arciprestes da Diocese e recebeu, na quarta feira, a equipa nacional da Ac\u00e7\u00e3o Cat\u00f3lica Independente (ACI).<\/p>\n","protected":false},"excerpt":{"rendered":"<p>Na quinta feira, o senhor Bispo recebeu v\u00e1rios sacerdotes, visitou as obras da igreja da Gafanha da Nazar\u00e9 e recebeu a Superiora Provincial das Irm\u00e3s Filhas de Cristo Rei, que t\u00eam comunidade na Murtosa. Continuou a receber diocesanos, na sexta feira, visitou no Hospital, mais uma vez, o P. Manuel Marques Dias, e reuniu-se, \u00e0 [&hellip;]<\/p>\n","protected":false},"author":1,"featured_media":0,"comment_status":"open","ping_status":"open","sticky":false,"template":"","format":"standard","meta":{"footnotes":""},"categories":[70],"tags":[],"class_list":["post-15844","post","type-post","status-publish","format-standard","hentry","category-diocese"],"_links":{"self":[{"href":"https:\/\/sites.ecclesia.pt\/cv\/wp-json\/wp\/v2\/posts\/15844","targetHints":{"allow":["GET"]}}],"collection":[{"href":"https:\/\/sites.ecclesia.pt\/cv\/wp-json\/wp\/v2\/posts"}],"about":[{"href":"https:\/\/sites.ecclesia.pt\/cv\/wp-json\/wp\/v2\/types\/post"}],"author":[{"embeddable":true,"href":"https:\/\/sites.ecclesia.pt\/cv\/wp-json\/wp\/v2\/users\/1"}],"replies":[{"embeddable":true,"href":"https:\/\/sites.ecclesia.pt\/cv\/wp-json\/wp\/v2\/comments?post=15844"}],"version-history":[{"count":0,"href":"https:\/\/sites.ecclesia.pt\/cv\/wp-json\/wp\/v2\/posts\/15844\/revisions"}],"wp:attachment":[{"href":"https:\/\/sites.ecclesia.pt\/cv\/wp-json\/wp\/v2\/media?parent=15844"}],"wp:term":[{"taxonomy":"category","embeddable":true,"href":"https:\/\/sites.ecclesia.pt\/cv\/wp-json\/wp\/v2\/categories?post=15844"},{"taxonomy":"post_tag","embeddable":true,"href":"https:\/\/sites.ecclesia.pt\/cv\/wp-json\/wp\/v2\/tags?post=15844"}],"curies":[{"name":"wp","href":"https:\/\/api.w.org\/{rel}","templated":true}]}}