{"id":15845,"date":"2006-04-03T14:44:00","date_gmt":"2006-04-03T14:44:00","guid":{"rendered":"http:\/\/localhost:81\/wp1\/?p=15845"},"modified":"2006-04-03T14:44:00","modified_gmt":"2006-04-03T14:44:00","slug":"peregrinacao-diocesana-ao-santuario-de-schoenstatt-1-de-maio-de-2005","status":"publish","type":"post","link":"https:\/\/sites.ecclesia.pt\/cv\/peregrinacao-diocesana-ao-santuario-de-schoenstatt-1-de-maio-de-2005\/","title":{"rendered":"Peregrina\u00e7\u00e3o Diocesana ao Santu\u00e1rio de Schoenstatt &#8211; 1 de Maio de 2005"},"content":{"rendered":"<p>Programa<\/p>\n<p>09:30 &#8211; Acolhimento<\/p>\n<p>10:00 &#8211; Ora\u00e7\u00e3o Inicial<\/p>\n<p>&#8211; Encontro do D. Ant\u00f3nio Marcelino com os catequistas<\/p>\n<p>&#8211; Tempo de Adora\u00e7\u00e3o <\/p>\n<p>15:00 \u2013 B\u00ean\u00e7\u00e3o com o Sant\u00edssimo<\/p>\n<p>15:30 \u2013 Ora\u00e7\u00e3o meditada do ter\u00e7o<\/p>\n<p>&#8211; C\u00e2nticos \u00e0 M\u00e3e<\/p>\n<p>17:00 \u2013 Eucaristia presidida pelo Sr. Bispo<\/p>\n<p>&#8211; Envio e homenagem \u00e0s m\u00e3es, pelo Dia da M\u00e3e<\/p>\n<p>Local: Centro Tabor<\/p>\n<p>Rua do Santu\u00e1rio &#8211; Lugar da Sra. dos Campos<\/p>\n<p>Col\u00f3nia Agr\u00edcola &#8211; Gafanha da Nazar\u00e9<\/p>\n","protected":false},"excerpt":{"rendered":"<p>Programa 09:30 &#8211; Acolhimento 10:00 &#8211; Ora\u00e7\u00e3o Inicial &#8211; Encontro do D. Ant\u00f3nio Marcelino com os catequistas &#8211; Tempo de Adora\u00e7\u00e3o 15:00 \u2013 B\u00ean\u00e7\u00e3o com o Sant\u00edssimo 15:30 \u2013 Ora\u00e7\u00e3o meditada do ter\u00e7o &#8211; C\u00e2nticos \u00e0 M\u00e3e 17:00 \u2013 Eucaristia presidida pelo Sr. Bispo &#8211; Envio e homenagem \u00e0s m\u00e3es, pelo Dia da M\u00e3e Local: [&hellip;]<\/p>\n","protected":false},"author":1,"featured_media":0,"comment_status":"open","ping_status":"open","sticky":false,"template":"","format":"standard","meta":{"footnotes":""},"categories":[70],"tags":[],"class_list":["post-15845","post","type-post","status-publish","format-standard","hentry","category-diocese"],"_links":{"self":[{"href":"https:\/\/sites.ecclesia.pt\/cv\/wp-json\/wp\/v2\/posts\/15845","targetHints":{"allow":["GET"]}}],"collection":[{"href":"https:\/\/sites.ecclesia.pt\/cv\/wp-json\/wp\/v2\/posts"}],"about":[{"href":"https:\/\/sites.ecclesia.pt\/cv\/wp-json\/wp\/v2\/types\/post"}],"author":[{"embeddable":true,"href":"https:\/\/sites.ecclesia.pt\/cv\/wp-json\/wp\/v2\/users\/1"}],"replies":[{"embeddable":true,"href":"https:\/\/sites.ecclesia.pt\/cv\/wp-json\/wp\/v2\/comments?post=15845"}],"version-history":[{"count":0,"href":"https:\/\/sites.ecclesia.pt\/cv\/wp-json\/wp\/v2\/posts\/15845\/revisions"}],"wp:attachment":[{"href":"https:\/\/sites.ecclesia.pt\/cv\/wp-json\/wp\/v2\/media?parent=15845"}],"wp:term":[{"taxonomy":"category","embeddable":true,"href":"https:\/\/sites.ecclesia.pt\/cv\/wp-json\/wp\/v2\/categories?post=15845"},{"taxonomy":"post_tag","embeddable":true,"href":"https:\/\/sites.ecclesia.pt\/cv\/wp-json\/wp\/v2\/tags?post=15845"}],"curies":[{"name":"wp","href":"https:\/\/api.w.org\/{rel}","templated":true}]}}