{"id":15846,"date":"2006-04-03T14:44:00","date_gmt":"2006-04-03T14:44:00","guid":{"rendered":"http:\/\/localhost:81\/wp1\/?p=15846"},"modified":"2006-04-03T14:44:00","modified_gmt":"2006-04-03T14:44:00","slug":"agenda-217","status":"publish","type":"post","link":"https:\/\/sites.ecclesia.pt\/cv\/agenda-217\/","title":{"rendered":"Agenda"},"content":{"rendered":"<p>29 de Abril \u2013  C\u00f3nego Melo Eduardo Peixoto, da Diocese de Braga orienta uma reflex\u00e3o sobre \u201cO p\u00f3s-curso &#8211; Ultreia e Grupo\u201d, no Semin\u00e1rio de Aveiro, \u00e0s21h30, para todos os cursistas.<\/p>\n<p>29 de Abril \u2013 Encontro de reflex\u00e3o sobre \u201cTrabalho digno, justo e reconhecido\u201d, promovido pela Comiss\u00e3o Diocesana Justi\u00e7a e Paz, em Valongo do Vouga, no Sal\u00e3o da igreja, \u00e0s 21h30.<\/p>\n<p>1 de Maio \u2013 Dia Diocesano do Catequista e Peregrina\u00e7\u00e3o Diocesana a Schoenstatt.<\/p>\n<p>1 de Maio \u2013 Dia de S. Jorge\/Dia do Corpo Nacional de Escutas-Aveiro, celebrado em Oliveira do Bairro.<\/p>\n<p>5 a 8 de Maio \u2013 57\u00ba Cursilho de Cristandade de senhoras.<\/p>\n<p>8 de Maio \u2013 B\u00ean\u00e7\u00e3o dos Finalistas da Universidade e dos Institutos Superiores de Aveiro.<\/p>\n<p>15 a 22 de Maio \u2013 Semana da Vida.<\/p>\n","protected":false},"excerpt":{"rendered":"<p>29 de Abril \u2013 C\u00f3nego Melo Eduardo Peixoto, da Diocese de Braga orienta uma reflex\u00e3o sobre \u201cO p\u00f3s-curso &#8211; Ultreia e Grupo\u201d, no Semin\u00e1rio de Aveiro, \u00e0s21h30, para todos os cursistas. 29 de Abril \u2013 Encontro de reflex\u00e3o sobre \u201cTrabalho digno, justo e reconhecido\u201d, promovido pela Comiss\u00e3o Diocesana Justi\u00e7a e Paz, em Valongo do Vouga, [&hellip;]<\/p>\n","protected":false},"author":1,"featured_media":0,"comment_status":"open","ping_status":"open","sticky":false,"template":"","format":"standard","meta":{"footnotes":""},"categories":[70],"tags":[],"class_list":["post-15846","post","type-post","status-publish","format-standard","hentry","category-diocese"],"_links":{"self":[{"href":"https:\/\/sites.ecclesia.pt\/cv\/wp-json\/wp\/v2\/posts\/15846","targetHints":{"allow":["GET"]}}],"collection":[{"href":"https:\/\/sites.ecclesia.pt\/cv\/wp-json\/wp\/v2\/posts"}],"about":[{"href":"https:\/\/sites.ecclesia.pt\/cv\/wp-json\/wp\/v2\/types\/post"}],"author":[{"embeddable":true,"href":"https:\/\/sites.ecclesia.pt\/cv\/wp-json\/wp\/v2\/users\/1"}],"replies":[{"embeddable":true,"href":"https:\/\/sites.ecclesia.pt\/cv\/wp-json\/wp\/v2\/comments?post=15846"}],"version-history":[{"count":0,"href":"https:\/\/sites.ecclesia.pt\/cv\/wp-json\/wp\/v2\/posts\/15846\/revisions"}],"wp:attachment":[{"href":"https:\/\/sites.ecclesia.pt\/cv\/wp-json\/wp\/v2\/media?parent=15846"}],"wp:term":[{"taxonomy":"category","embeddable":true,"href":"https:\/\/sites.ecclesia.pt\/cv\/wp-json\/wp\/v2\/categories?post=15846"},{"taxonomy":"post_tag","embeddable":true,"href":"https:\/\/sites.ecclesia.pt\/cv\/wp-json\/wp\/v2\/tags?post=15846"}],"curies":[{"name":"wp","href":"https:\/\/api.w.org\/{rel}","templated":true}]}}