{"id":15847,"date":"2006-04-03T14:44:00","date_gmt":"2006-04-03T14:44:00","guid":{"rendered":"http:\/\/localhost:81\/wp1\/?p=15847"},"modified":"2006-04-03T14:44:00","modified_gmt":"2006-04-03T14:44:00","slug":"a-festa-da-alegria-e-da-fe","status":"publish","type":"post","link":"https:\/\/sites.ecclesia.pt\/cv\/a-festa-da-alegria-e-da-fe\/","title":{"rendered":"A festa da alegria e da f\u00e9"},"content":{"rendered":"<p>Idosos de 19 Institui\u00e7\u00f5es celebraram P\u00e1scoa em Avanca <!--more--> \u201cJ\u00e1 n\u00e3o sabemos viver sem esta alegria, que vem do Senhor, sem nos situarmos nesta caminhada de ressurrei\u00e7\u00e3o, sem partilharmos uns com os outros a Luz e a Vida, que s\u00e3o d\u2019Ele, e que d\u00e3o sentido pleno \u00e0 nossa exist\u00eancia\u201d \u2013 assim sintetizou Helena Os\u00f3rio, do movimento \u201cVida Mais\u201d &#8211; Voluntariado Diocesano, a festa que, no dia 4 de Abril juntou em Avanca meio milhar de idosos, jovens, crian\u00e7as, pessoal e volunt\u00e1rios de 19 Institui\u00e7\u00f5es de Aveiro.<\/p>\n<p>\u201cViver \u00e9 Partilhar\u201d foi o tema do encontro, que tamb\u00e9m contou com a participa\u00e7\u00e3o do CUFC na organiza\u00e7\u00e3o. Disse Helena Os\u00f3rio que \u201co desafio lan\u00e7ado \u00e9 o de cada um saber que \u00e9 gota de luz unida a Jesus Cristo, iluminando o mundo no servi\u00e7o aos outros, especialmente aos mais carenciados\u201d. Nesse sentido, foram lembradas as palavras de Madre Teresa de Calcut\u00e1: \u201cN\u00e3o importa o quanto fazemos mas quanto Amor colocamos no que fazemos. N\u00e3o \u00e9 o quanto damos, mas quanto amor colocamos no doar\u201d.<\/p>\n<p>A primeira parte do encontro Pascal foi animada pelo grupo \u201cPaz Inquieta\u201d, que nasceu, fruto de esfor\u00e7o e colabora\u00e7\u00e3o de alunos e professores, no Col\u00e9gio Nossa Senhora da Assun\u00e7\u00e3o, de Famalic\u00e3o (Anadia). Com as m\u00fasicas deste grupo constitu\u00eddo por jovens, cruzaram-se gera\u00e7\u00f5es e desabrocharam ex-press\u00f5es de felicidade, entre crian\u00e7as e \u201cav\u00f3s\u201d, dando as m\u00e3os e cantando.<\/p>\n<p>Seguiu-se a Celebra\u00e7\u00e3o da Eucaristia, presidida pelo Pe. Jos\u00e9 Henriques, P\u00e1roco de Avanca. No final, no meio de manifesta\u00e7\u00f5es de grande entusiasmo e carinho, ofereceu-se o lanche com o tradicional folar.<\/p>\n<p>Nas palavras da respons\u00e1vel pelo movimento \u201cVida Mais\u201d, \u201cviveu-se um momento de unidade muito forte, um espa\u00e7o privilegiado de uni\u00e3o com Deus e os irm\u00e3os. Houve oportunidade de reafirmar a F\u00e9 e abra\u00e7ar uma din\u00e2mica de Esperan\u00e7a, na perspectiva dum crescimento cont\u00ednuo, na viv\u00eancia do Evangelho\u201d.<\/p>\n","protected":false},"excerpt":{"rendered":"<p>Idosos de 19 Institui\u00e7\u00f5es celebraram P\u00e1scoa em Avanca<\/p>\n","protected":false},"author":1,"featured_media":0,"comment_status":"open","ping_status":"open","sticky":false,"template":"","format":"standard","meta":{"footnotes":""},"categories":[70],"tags":[],"class_list":["post-15847","post","type-post","status-publish","format-standard","hentry","category-diocese"],"_links":{"self":[{"href":"https:\/\/sites.ecclesia.pt\/cv\/wp-json\/wp\/v2\/posts\/15847","targetHints":{"allow":["GET"]}}],"collection":[{"href":"https:\/\/sites.ecclesia.pt\/cv\/wp-json\/wp\/v2\/posts"}],"about":[{"href":"https:\/\/sites.ecclesia.pt\/cv\/wp-json\/wp\/v2\/types\/post"}],"author":[{"embeddable":true,"href":"https:\/\/sites.ecclesia.pt\/cv\/wp-json\/wp\/v2\/users\/1"}],"replies":[{"embeddable":true,"href":"https:\/\/sites.ecclesia.pt\/cv\/wp-json\/wp\/v2\/comments?post=15847"}],"version-history":[{"count":0,"href":"https:\/\/sites.ecclesia.pt\/cv\/wp-json\/wp\/v2\/posts\/15847\/revisions"}],"wp:attachment":[{"href":"https:\/\/sites.ecclesia.pt\/cv\/wp-json\/wp\/v2\/media?parent=15847"}],"wp:term":[{"taxonomy":"category","embeddable":true,"href":"https:\/\/sites.ecclesia.pt\/cv\/wp-json\/wp\/v2\/categories?post=15847"},{"taxonomy":"post_tag","embeddable":true,"href":"https:\/\/sites.ecclesia.pt\/cv\/wp-json\/wp\/v2\/tags?post=15847"}],"curies":[{"name":"wp","href":"https:\/\/api.w.org\/{rel}","templated":true}]}}