{"id":15848,"date":"2006-04-03T14:44:00","date_gmt":"2006-04-03T14:44:00","guid":{"rendered":"http:\/\/localhost:81\/wp1\/?p=15848"},"modified":"2006-04-03T14:44:00","modified_gmt":"2006-04-03T14:44:00","slug":"noite-de-horizontes-bem-largos","status":"publish","type":"post","link":"https:\/\/sites.ecclesia.pt\/cv\/noite-de-horizontes-bem-largos\/","title":{"rendered":"Noite de horizontes bem largos"},"content":{"rendered":"<p>Sarau Mission\u00e1rio no Semin\u00e1rio de Aveiro <!--more--> Panos, jamb\u00e9s, fotografias, teatro, hist\u00f3rias da noite Africana e uma viagem que se fez a terras de miss\u00e3o coloriram a noite de 16 de Abril, no audit\u00f3rio do Semin\u00e1rio de Santa Joana Princesa, em Aveiro. Tratou-se do Sarau Mission\u00e1rio promovido pelo SDAM (Secretariado Diocesano de Anima\u00e7\u00e3o Mission\u00e1ria) e pelos volunt\u00e1rios que aprofundam a sua forma\u00e7\u00e3o no \u00e2mbito do projecto ORBIS, com a colabora\u00e7\u00e3o generosa do Semin\u00e1rio de Aveiro.<\/p>\n<p>O Sarau foi sobretudo um tempo em que se escutou, em que se reflectiu sobre a dimens\u00e3o humana da solidariedade e da nossa capacidade para transformar o Mundo&#8230; \u201cUm Mundo\u2026 Muitos Mundos\u201d foi o tema do Sarau.<\/p>\n<p>Percebeu-se que o mal \u00e9 t\u00e3o absurdo que uma guerra pode come\u00e7ar por uma \u201cgota de mel\u201d, a pe\u00e7a de teatro oferecida pelo grupo de teatro do Col\u00e9gio de Calv\u00e3o! No entanto, o bem est\u00e1 ao alcance de cada um, j\u00e1 que temos um pai que \u00e9 nosso, \u201cde seis bili\u00f5es de pessoas&#8230; somos irm\u00e3os!\u201d, no dizer do Pe. Georgino Rocha, director do SDAM.<\/p>\n<p>Houve ainda tempo para o riso. Nas \u201chistorinhas do conto do mato\u201d, ouviu-se uma vers\u00e3o africana da par\u00e1bola do Bom Samaritano, por onde, como em todo o ambiente do Sarau, se percebeu que mudar o mundo tamb\u00e9m passa por gestos pequenos: um sorriso, um abra\u00e7o, uma m\u00e3o estendida e um salto de f\u00e9, para aqueles que mais t\u00eam de cansa\u00e7o, de fome, de injusti\u00e7a, de falta de liberdade. Um cora\u00e7\u00e3o mission\u00e1rio n\u00e3o se pode calar!<\/p>\n<p>\u201cFoi uma noite magn\u00edfica\u201d, de esp\u00edrito e \u201csolidariedade mission\u00e1ria\u201d, segundo o Pe. Alexandre, director do CUFC. Sara Neves, que passou o \u00faltimo ver\u00e3o em miss\u00e3o em Mo\u00e7ambique, afirmou ao Correio do Vouga que \u201c\u00e9 de momentos como o de s\u00e1bado, que se alimenta e desperta \u2018o bichinho\u2019 das Miss\u00f5es. Conforta, pelo Amor que encerra, e impele, pela capacidade testemunhada, a transformar o mundo e a tornar real \u2018Muitos Mundos&#8230;Um s\u00f3 Mundo!\u2019\u201d Foi uma noite de horizontes bem largos.                <\/p>\n<p>P. A.<\/p>\n","protected":false},"excerpt":{"rendered":"<p>Sarau Mission\u00e1rio no Semin\u00e1rio de Aveiro<\/p>\n","protected":false},"author":1,"featured_media":0,"comment_status":"open","ping_status":"open","sticky":false,"template":"","format":"standard","meta":{"footnotes":""},"categories":[70],"tags":[],"class_list":["post-15848","post","type-post","status-publish","format-standard","hentry","category-diocese"],"_links":{"self":[{"href":"https:\/\/sites.ecclesia.pt\/cv\/wp-json\/wp\/v2\/posts\/15848","targetHints":{"allow":["GET"]}}],"collection":[{"href":"https:\/\/sites.ecclesia.pt\/cv\/wp-json\/wp\/v2\/posts"}],"about":[{"href":"https:\/\/sites.ecclesia.pt\/cv\/wp-json\/wp\/v2\/types\/post"}],"author":[{"embeddable":true,"href":"https:\/\/sites.ecclesia.pt\/cv\/wp-json\/wp\/v2\/users\/1"}],"replies":[{"embeddable":true,"href":"https:\/\/sites.ecclesia.pt\/cv\/wp-json\/wp\/v2\/comments?post=15848"}],"version-history":[{"count":0,"href":"https:\/\/sites.ecclesia.pt\/cv\/wp-json\/wp\/v2\/posts\/15848\/revisions"}],"wp:attachment":[{"href":"https:\/\/sites.ecclesia.pt\/cv\/wp-json\/wp\/v2\/media?parent=15848"}],"wp:term":[{"taxonomy":"category","embeddable":true,"href":"https:\/\/sites.ecclesia.pt\/cv\/wp-json\/wp\/v2\/categories?post=15848"},{"taxonomy":"post_tag","embeddable":true,"href":"https:\/\/sites.ecclesia.pt\/cv\/wp-json\/wp\/v2\/tags?post=15848"}],"curies":[{"name":"wp","href":"https:\/\/api.w.org\/{rel}","templated":true}]}}