{"id":15850,"date":"2006-04-03T14:44:00","date_gmt":"2006-04-03T14:44:00","guid":{"rendered":"http:\/\/localhost:81\/wp1\/?p=15850"},"modified":"2006-04-03T14:44:00","modified_gmt":"2006-04-03T14:44:00","slug":"ele-quer-fazer-em-nos-a-sua-morada","status":"publish","type":"post","link":"https:\/\/sites.ecclesia.pt\/cv\/ele-quer-fazer-em-nos-a-sua-morada\/","title":{"rendered":"Ele quer fazer em n\u00f3s a sua morada"},"content":{"rendered":"<p>\u00c0 Luz da Palavra &#8211; 6\u00ba Domingo da P\u00e1scoa &#8211; Ano A <!--more--> A liturgia deste \u00faltimo domingo da P\u00e1scoa prepara-nos para as duas pr\u00f3ximas solenidades \u2013 Ascens\u00e3o e Pentecostes \u2013 e para a plena revela\u00e7\u00e3o de Deus trinit\u00e1rio.<\/p>\n<p>No evangelho, Jesus afirma: \u201cSe algu\u00e9m me ama, guardar\u00e1 a minha palavra. Meu Pai o amar\u00e1 e faremos nele a nossa morada\u201d. Ao fazer esta afirma\u00e7\u00e3o, Jesus quer abrir os esp\u00edritos dos seus ouvintes e os nossos, hoje, \u00e0 convic\u00e7\u00e3o de que, para ser seu disc\u00edpulo e disc\u00edpula \u00e9 necess\u00e1rio conhecer e interiorizar tudo quanto Ele nos ensina e p\u00f4-lo em pr\u00e1tica, no quotidiano da nossa exist\u00eancia. Na continua\u00e7\u00e3o, Ele garante-nos uma grande recompensa: seremos habitados por Deus \u2013 Pai, Filho e Esp\u00edrito Santo \u2013 como nossos amigos, que nos inspiram e fortalecem no bem. Jesus prepara, assim, os seus disc\u00edpulos e disc\u00edpulas para a sua partida definitiva deste mundo, ou seja, para o fim da sua carreira terrestre, da sua proexist\u00eancia. Ele vai para o seio do Pai, como nosso intercessor. Vai pedir-lhe que nos envie outro Defensor e Consolador \u2013 o Esp\u00edrito Santo, a terceira pessoa da Trindade. O Esp\u00edrito Santo \u00e9 o grande agente da evangeliza\u00e7\u00e3o, isto \u00e9, aquele que dinamiza toda a actividade dos disc\u00edpulos e disc\u00edpulas de Jesus, de modo a que ela frutifique e a que cres\u00e7a, realmente, o n\u00famero daqueles e daquelas que aderem ao Senhor. <\/p>\n<p>E, para qu\u00ea esta vinda? A primeira leitura, extra\u00edda dos Actos, narra-nos um evento de uma das primeiras comunidades crist\u00e3s. O di\u00e1cono Filipe estava a evangelizar na Samaria e, por seu interm\u00e9dio, o Senhor realizava muitas convers\u00f5es e prod\u00edgios nos que o escutavam, de tal modo que isto chegou aos ouvidos da comunidade-m\u00e3e de Jerusal\u00e9m. Ent\u00e3o, Pedro e Jo\u00e3o deslocaram-se l\u00e1, a fim de comunicarem o Esp\u00edrito Santo \u00e0queles novos crist\u00e3os e crist\u00e3s, pela ora\u00e7\u00e3o e imposi\u00e7\u00e3o das m\u00e3os. Este modo de proceder lembra-nos a pr\u00e1tica pastoral dos nossos dias: os catequistas preparam as pessoas; e o bispo passa pelas par\u00f3quias a rezar e a impor-lhes as m\u00e3os, ministrando o sacramento da confirma\u00e7\u00e3o, para que recebam a plenitude do Esp\u00edrito Santo. <\/p>\n<p>S\u00e3o estes os disc\u00edpulos e disc\u00edpulas do Senhor que, como afirma Pedro na segunda leitura, est\u00e3o prontos para responder sobre a raz\u00e3o da sua esperan\u00e7a \u201ccom brandura e respeito\u201d, naquilo mesmo em que forem caluniados, de modo a que sejam confundidos os que dizem mal do seu bom procedimento em Cristo. Para n\u00f3s, crist\u00e3os e crist\u00e3s convictas, j\u00e1 n\u00e3o h\u00e1 lugar para atitudes cobardes e d\u00fabias: \u00c9 urgente que cada crist\u00e3o e crist\u00e3, precisamente no local do seu trabalho, fam\u00edlia e divers\u00e3o, d\u00ea um testemunho claro da sua f\u00e9 e saiba responder, adequadamente, sobre as raz\u00f5es da sua esperan\u00e7a crist\u00e3. Para isso, \u00e9 necess\u00e1rio aprofundar os conte\u00fados da f\u00e9, estudando e rezando, para que sejam cred\u00edveis as raz\u00f5es que apresenta.<\/p>\n<p>Leituras do 6\u00ba Domingo da P\u00e1scoa:  Act 8, 5-8.14-17; Sl 65 (66); 1 Pe 3, 15-18; Jo 14,15-21<\/p>\n<p>Deolinda Serralheiro<\/p>\n","protected":false},"excerpt":{"rendered":"<p>\u00c0 Luz da Palavra &#8211; 6\u00ba Domingo da P\u00e1scoa &#8211; Ano A<\/p>\n","protected":false},"author":1,"featured_media":0,"comment_status":"open","ping_status":"open","sticky":false,"template":"","format":"standard","meta":{"footnotes":""},"categories":[59],"tags":[],"class_list":["post-15850","post","type-post","status-publish","format-standard","hentry","category-formacao"],"_links":{"self":[{"href":"https:\/\/sites.ecclesia.pt\/cv\/wp-json\/wp\/v2\/posts\/15850","targetHints":{"allow":["GET"]}}],"collection":[{"href":"https:\/\/sites.ecclesia.pt\/cv\/wp-json\/wp\/v2\/posts"}],"about":[{"href":"https:\/\/sites.ecclesia.pt\/cv\/wp-json\/wp\/v2\/types\/post"}],"author":[{"embeddable":true,"href":"https:\/\/sites.ecclesia.pt\/cv\/wp-json\/wp\/v2\/users\/1"}],"replies":[{"embeddable":true,"href":"https:\/\/sites.ecclesia.pt\/cv\/wp-json\/wp\/v2\/comments?post=15850"}],"version-history":[{"count":0,"href":"https:\/\/sites.ecclesia.pt\/cv\/wp-json\/wp\/v2\/posts\/15850\/revisions"}],"wp:attachment":[{"href":"https:\/\/sites.ecclesia.pt\/cv\/wp-json\/wp\/v2\/media?parent=15850"}],"wp:term":[{"taxonomy":"category","embeddable":true,"href":"https:\/\/sites.ecclesia.pt\/cv\/wp-json\/wp\/v2\/categories?post=15850"},{"taxonomy":"post_tag","embeddable":true,"href":"https:\/\/sites.ecclesia.pt\/cv\/wp-json\/wp\/v2\/tags?post=15850"}],"curies":[{"name":"wp","href":"https:\/\/api.w.org\/{rel}","templated":true}]}}