{"id":15852,"date":"2006-04-03T14:44:00","date_gmt":"2006-04-03T14:44:00","guid":{"rendered":"http:\/\/localhost:81\/wp1\/?p=15852"},"modified":"2006-04-03T14:44:00","modified_gmt":"2006-04-03T14:44:00","slug":"bispos-contra-a-eutanasia","status":"publish","type":"post","link":"https:\/\/sites.ecclesia.pt\/cv\/bispos-contra-a-eutanasia\/","title":{"rendered":"Bispos contra a eutan\u00e1sia"},"content":{"rendered":"<p>Fran\u00e7a <!--more--> A Confer\u00eancia Episcopal Francesa (CEF) acusou o governo do pa\u00eds de \u201cambiguidades\u201d no texto legislativo aprovada na semana passada sobre os direitos dos doentes e o final da vida, no qual se instaura o direito \u201ca deixar morrer\u201d.<\/p>\n<p>Num comunicado assinado pelo Arcebispo Jean-Pierre Ricard, presidente da CEF, afirma-se que \u201co texto votado prev\u00ea o reconhecimento jur\u00eddico, por um lado, do direito de qualquer a rejeitar os tratamentos e inclusive os cuidados que lhe s\u00e3o propostos, se esta \u00e9 realmente a sua vontade; por outro, a legitimidade de p\u00f4r fim a tratamentos que se tenham tornado desapropriados\u201d.<\/p>\n<p>A CEF admite que a legisla\u00e7\u00e3o \u201c\u00e9 aceit\u00e1vel\u201d, mas alerta que \u201cpermanecem de p\u00e9 ambiguidades que \u00e9 necess\u00e1rio eliminar\u201d.<\/p>\n<p>\u201cMuito depender\u00e1 da maneira em que esta lei seja interpretada e aplicada pelos m\u00e9dicos. Portanto, \u00e9 de desejar que as autoridades competentes velem para estabelecer, em mat\u00e9rias t\u00e3o delicadas, regras de uma pr\u00e1tica m\u00e9dica adequada\u201d, apontam.<\/p>\n<p>O texto dos Bispos franceses assinala que, \u201cquando a morte \u00e9 irremedi\u00e1vel, a breve prazo, poder-se-\u00e1 dar prioridade total \u00e0 luta contra o sofrimento e ao acompanhamento do doente; mas, noutras situa\u00e7\u00f5es, o final dos tratamentos \u00e9 compat\u00edvel com uma vida mais ou menos longa, com a condi\u00e7\u00e3o de que se garantam os cuidados necess\u00e1rios\u201d.<\/p>\n<p>A CEF j\u00e1 tinha publicado uma declara\u00e7\u00e3o, a 20 de Setembro de 2004, sobre esta lei, com o t\u00edtulo \u201cAceitar a morte, manter os cuidados junto do doente\u201d.<\/p>\n","protected":false},"excerpt":{"rendered":"<p>Fran\u00e7a<\/p>\n","protected":false},"author":1,"featured_media":0,"comment_status":"open","ping_status":"open","sticky":false,"template":"","format":"standard","meta":{"footnotes":""},"categories":[44],"tags":[],"class_list":["post-15852","post","type-post","status-publish","format-standard","hentry","category-igreja"],"_links":{"self":[{"href":"https:\/\/sites.ecclesia.pt\/cv\/wp-json\/wp\/v2\/posts\/15852","targetHints":{"allow":["GET"]}}],"collection":[{"href":"https:\/\/sites.ecclesia.pt\/cv\/wp-json\/wp\/v2\/posts"}],"about":[{"href":"https:\/\/sites.ecclesia.pt\/cv\/wp-json\/wp\/v2\/types\/post"}],"author":[{"embeddable":true,"href":"https:\/\/sites.ecclesia.pt\/cv\/wp-json\/wp\/v2\/users\/1"}],"replies":[{"embeddable":true,"href":"https:\/\/sites.ecclesia.pt\/cv\/wp-json\/wp\/v2\/comments?post=15852"}],"version-history":[{"count":0,"href":"https:\/\/sites.ecclesia.pt\/cv\/wp-json\/wp\/v2\/posts\/15852\/revisions"}],"wp:attachment":[{"href":"https:\/\/sites.ecclesia.pt\/cv\/wp-json\/wp\/v2\/media?parent=15852"}],"wp:term":[{"taxonomy":"category","embeddable":true,"href":"https:\/\/sites.ecclesia.pt\/cv\/wp-json\/wp\/v2\/categories?post=15852"},{"taxonomy":"post_tag","embeddable":true,"href":"https:\/\/sites.ecclesia.pt\/cv\/wp-json\/wp\/v2\/tags?post=15852"}],"curies":[{"name":"wp","href":"https:\/\/api.w.org\/{rel}","templated":true}]}}