{"id":15854,"date":"2006-04-03T14:44:00","date_gmt":"2006-04-03T14:44:00","guid":{"rendered":"http:\/\/localhost:81\/wp1\/?p=15854"},"modified":"2006-04-03T14:44:00","modified_gmt":"2006-04-03T14:44:00","slug":"total-adesao-afectiva-e-efectiva-a-bento-xvi","status":"publish","type":"post","link":"https:\/\/sites.ecclesia.pt\/cv\/total-adesao-afectiva-e-efectiva-a-bento-xvi\/","title":{"rendered":"&#8220;Total ades\u00e3o afectiva e efectiva&#8221; a Bento XVI"},"content":{"rendered":"<p>Bispo de Aveiro presidiu a Missa pelo novo Papa <!--more--> Relembrando que um novo Papa \u00e9 sempre motivo de alegria e gratid\u00e3o para a Igreja, porque ele \u00e9 sinal de unidade e comunh\u00e3o, o bispo de Aveiro afirmou a sua ades\u00e3o total e incondicional a Bento XVI, durante a missa de Ac\u00e7\u00e3o de Gra\u00e7as pelo Novo Papa seguida de Te Deum, no s\u00e1bado, na S\u00e9 Catedral de Aveiro.<\/p>\n<p>Numa breve an\u00e1lise das reac\u00e7\u00f5es \u00e0 escolha do novo Papa, princ\u00edpio e fundamento da Igreja, D. Ant\u00f3nio Marcelino exortou os fi\u00e9is a que n\u00e3o se deixem perturbar por profecias e opini\u00f5es, que geram disc\u00f3rdias. Opondo \u201ca Babil\u00f3nia de interesses\u201d, que se vive em muitos sectores da sociedade, ao momento de escolha do novo Papa, \u201ctempo do Esp\u00edrito Santo\u201d, o prelado aveirense congratulou-se com a elei\u00e7\u00e3o de Bento XVI, o sucessor de Pedro, para orientar a Igreja Universal \u00e0 luz de Jesus Cristo, \u201co Caminho, a Verdade e a Vida\u201d (Evangelho desse Domingo). Manifestou ainda a sua admira\u00e7\u00e3o perante o novo Papa, de quem sublinhou a simplicidade, bem como a capacidade de escuta, de acolhimento e de di\u00e1logo, al\u00e9m do elevado conhecimento do Mundo e da Igreja.<\/p>\n<p>Bento XVI \u00e9 o \u201cdefensor intr\u00e9pido do patrim\u00f3nio da F\u00e9, ao servi\u00e7o da Humanidade, para que o Mundo e os que cr\u00eaem sejam salvos\u201d, continuou D. Ant\u00f3nio Marcelino, na homilia do V Domingo da P\u00e1scoa. Salientou \u201ca centralidade de Jesus Cristo na Igreja Crist\u00e3, que n\u00e3o pode ser, a nenhum t\u00edtulo, substitu\u00edda ou menosprezada.\u201d O Papa tem pela frente este desafio de \u201cfazer que a Igreja e o Homem descubram o rosto de Jesus Cristo e que Este os ilumine\u201d. Afinal, como servir a unidade e a comunh\u00e3o, fazendo op\u00e7\u00f5es, garantindo o essencial? O bispo de Aveiro estabeleceu uma oposi\u00e7\u00e3o entre o acidental (as opini\u00f5es pes-soais, o tempo que se leva a resolver problemas humanos) e o essencial, que \u00e9 garantido por Jesus Cristo. \u201cPatrim\u00f3nio sagrado e inalien\u00e1vel, Jesus Cristo \u00e9 o Caminho e n\u00e3o um caminho.\u201d \u201cA Igreja prevalecer\u00e1\u201d, afirmou com convic\u00e7\u00e3o, evocando Nossa Senhora, na ajuda \u00e0 fidelidade ao Evangelho.  <\/p>\n<p>No final, D. Ant\u00f3nio Marcelino repetiu a sua \u201ctotal ades\u00e3o afectiva e efectiva a Bento XVI, pastor da Igreja Universal e n\u00e3o de um grupo de opini\u00f5es\u201d \u2013 \u201cDeus o anime e conforte\u201d, foi o voto final do bispo de Aveiro.<\/p>\n<p>Teresa Correia<\/p>\n","protected":false},"excerpt":{"rendered":"<p>Bispo de Aveiro presidiu a Missa pelo novo Papa<\/p>\n","protected":false},"author":1,"featured_media":0,"comment_status":"open","ping_status":"open","sticky":false,"template":"","format":"standard","meta":{"footnotes":""},"categories":[44],"tags":[],"class_list":["post-15854","post","type-post","status-publish","format-standard","hentry","category-igreja"],"_links":{"self":[{"href":"https:\/\/sites.ecclesia.pt\/cv\/wp-json\/wp\/v2\/posts\/15854","targetHints":{"allow":["GET"]}}],"collection":[{"href":"https:\/\/sites.ecclesia.pt\/cv\/wp-json\/wp\/v2\/posts"}],"about":[{"href":"https:\/\/sites.ecclesia.pt\/cv\/wp-json\/wp\/v2\/types\/post"}],"author":[{"embeddable":true,"href":"https:\/\/sites.ecclesia.pt\/cv\/wp-json\/wp\/v2\/users\/1"}],"replies":[{"embeddable":true,"href":"https:\/\/sites.ecclesia.pt\/cv\/wp-json\/wp\/v2\/comments?post=15854"}],"version-history":[{"count":0,"href":"https:\/\/sites.ecclesia.pt\/cv\/wp-json\/wp\/v2\/posts\/15854\/revisions"}],"wp:attachment":[{"href":"https:\/\/sites.ecclesia.pt\/cv\/wp-json\/wp\/v2\/media?parent=15854"}],"wp:term":[{"taxonomy":"category","embeddable":true,"href":"https:\/\/sites.ecclesia.pt\/cv\/wp-json\/wp\/v2\/categories?post=15854"},{"taxonomy":"post_tag","embeddable":true,"href":"https:\/\/sites.ecclesia.pt\/cv\/wp-json\/wp\/v2\/tags?post=15854"}],"curies":[{"name":"wp","href":"https:\/\/api.w.org\/{rel}","templated":true}]}}